{"id":37346,"date":"2021-03-04T11:56:13","date_gmt":"2021-03-04T15:56:13","guid":{"rendered":"https:\/\/inces.gob.ve\/?p=37346"},"modified":"2021-03-04T12:06:09","modified_gmt":"2021-03-04T16:06:09","slug":"tachira-inces-abre-inscripciones-para-bachilleres-productivos","status":"publish","type":"post","link":"https:\/\/inces.gob.ve\/index.php\/2021\/03\/04\/tachira-inces-abre-inscripciones-para-bachilleres-productivos\/","title":{"rendered":"T\u00c1CHIRA | Inces abre inscripciones para bachilleres productivos"},"content":{"rendered":"<p align=\"justify\"><span style=\"font-size: 14pt;\"><i><span style=\"font-family: Arial, serif;\"><span lang=\"es-ES\"><b>** <\/b><\/span><\/span><span style=\"font-family: Arial, serif;\"><span lang=\"es-ES\"><b>La formaci\u00f3n est\u00e1 dirigida a personas <\/b><\/span><\/span><span style=\"font-family: Arial, serif;\"><span lang=\"es-ES\"><b>mayores de 15 a\u00f1os <\/b><\/span><\/span><\/i><!--more--><\/span><\/p>\n<p lang=\"es-ES\" align=\"justify\">\n<p lang=\"es-ES\" align=\"justify\"><span style=\"font-family: Arial, serif; font-size: 14pt;\"><b>PRENSA INCES T\u00c1CHIRA<\/b><\/span><\/p>\n<p align=\"justify\"><span style=\"font-size: 14pt;\"><span style=\"font-family: Arial, serif;\">El Inces <\/span><span style=\"font-family: Arial, serif;\">invita a toda la colectividad <\/span><span style=\"font-family: Arial, serif;\">t<\/span><span style=\"font-family: Arial, serif;\">achirense <\/span><span style=\"font-family: Arial, serif;\">a incorporarse <\/span><span style=\"font-family: Arial, serif;\"><span lang=\"es-ES\">al proceso de inscripci\u00f3n del a\u00f1o 2020-2021 para formar a la juventud venezolana como <\/span><\/span><span style=\"font-family: Arial, serif;\"><span lang=\"es-ES\">b<\/span><\/span><span style=\"font-family: Arial, serif;\"><span lang=\"es-ES\">achilleres con un perfil productivo.<\/span><\/span> <span style=\"font-family: Arial, serif;\"><span lang=\"es-ES\">La gerencia regional del Inces T\u00e1chira y <\/span><\/span><span style=\"font-family: Arial, serif;\"><span lang=\"es-ES\">su <\/span><\/span><span style=\"font-family: Arial, serif;\"><span lang=\"es-ES\">Unidad Educativa, en su modalidad de J\u00f3venes, Adultos y Adultas, <\/span><\/span><span style=\"font-family: Arial, serif;\"><span lang=\"es-ES\">abre <\/span><\/span><span style=\"font-family: Arial, serif;\"><span lang=\"es-ES\">desde el 10 de febrero <\/span><\/span><span style=\"font-family: Arial, serif;\"><span lang=\"es-ES\">y <\/span><\/span><span style=\"font-family: Arial, serif;\"><span lang=\"es-ES\">hasta el 5 de marzo del presente a\u00f1o <\/span><\/span><span style=\"font-family: Arial, serif;\"><span lang=\"es-ES\">las inscripciones<\/span><\/span><span style=\"font-family: Arial, serif;\"><span lang=\"es-ES\">. <\/span><\/span><\/span><\/p>\n<p align=\"justify\"><span style=\"font-size: 14pt;\"><span style=\"font-family: Arial, serif;\"><span lang=\"es-ES\">El programa de Educaci\u00f3n Media General del Inces <\/span><\/span><span style=\"font-family: Arial, serif;\"><span lang=\"es-ES\">wn todo el pa\u00eds <\/span><\/span><span style=\"font-family: Arial, serif;\"><span lang=\"es-ES\">abre sus puertas a todos aquellos j\u00f3venes mayores de 15 a\u00f1os de edad, desvinculados por un m\u00ednimo de un (01) a\u00f1o del sistema regular de educaci\u00f3n, a inscribirse en el Inces T\u00e1chira para obtener su t\u00edtulo de Bachiller de la Rep\u00fablica, por parte del Ministerio del Poder Popular para la Educaci\u00f3n y la certificaci\u00f3n de la instituci\u00f3n en diversas \u00e1reas productivas, logrando el t\u00edtulo de Bachiller con perfil Productivo.<\/span><\/span><\/span><\/p>\n<p align=\"justify\"><span style=\"font-size: 14pt;\"><span style=\"font-family: Arial, serif;\"><span lang=\"es-ES\">Geovanni Gonz\u00e1lez, gerente regional, destac<\/span><\/span><span style=\"font-family: Arial, serif;\"><span lang=\"es-ES\">\u00f3<\/span><\/span><span style=\"font-family: Arial, serif;\"><span lang=\"es-ES\"> el proceso de formaci\u00f3n de bachilleres, el cual tiene un lapso de tres (03) a\u00f1os \u201cEl joven se vincula al proceso socioecon\u00f3mico a trav\u00e9s del Programa Nacional de Aprendizaje (PNA) y por medio de las diversas formaciones que ofrece el Inces, ya que la instituci\u00f3n tiene una trayectoria de 61 a\u00f1os de fundada por nuestro maestro Dr. Luis Beltr\u00e1n Prieto Figueroa\u201d.<\/span><\/span><\/span><\/p>\n<p align=\"justify\"><span style=\"font-size: 14pt;\"><span style=\"font-family: Arial, serif;\"><span lang=\"es-ES\">De igual manera, Gonz\u00e1lez, Invita a todos los interesados a enviar sus datos y requisitos al siguiente correo electr\u00f3nico <\/span><\/span><span style=\"font-family: Arial, serif;\"><span lang=\"es-ES\"><b>incestachira.inscripcion@gmail.com<\/b><\/span><\/span><span style=\"font-family: Arial, serif;\"><span lang=\"es-ES\"> ya que es exclusivamente para el proceso de inscripci\u00f3n en la Unidad Educativa Inces T\u00e1chira. <\/span><\/span><b>FIN\/<\/b><span style=\"font-family: Arial, serif;\"><span lang=\"es-ES\"><b>Prensa IncesTachira<\/b><\/span><\/span><span style=\"font-family: Arial, serif;\"><span lang=\"es-ES\"><b>.<\/b><\/span><\/span><\/span><\/p>\n","protected":false},"excerpt":{"rendered":"<p>** La formaci\u00f3n est\u00e1 dirigida a personas mayores de 15 a\u00f1os<\/p>\n","protected":false},"author":4,"featured_media":37347,"comment_status":"closed","ping_status":"closed","sticky":false,"template":"","format":"standard","meta":{"footnotes":""},"categories":[2],"tags":[139,88],"class_list":["post-37346","post","type-post","status-publish","format-standard","has-post-thumbnail","hentry","category-blog","tag-bachilleratoproductivo","tag-tachira"],"_links":{"self":[{"href":"https:\/\/inces.gob.ve\/index.php\/wp-json\/wp\/v2\/posts\/37346","targetHints":{"allow":["GET"]}}],"collection":[{"href":"https:\/\/inces.gob.ve\/index.php\/wp-json\/wp\/v2\/posts"}],"about":[{"href":"https:\/\/inces.gob.ve\/index.php\/wp-json\/wp\/v2\/types\/post"}],"author":[{"embeddable":true,"href":"https:\/\/inces.gob.ve\/index.php\/wp-json\/wp\/v2\/users\/4"}],"replies":[{"embeddable":true,"href":"https:\/\/inces.gob.ve\/index.php\/wp-json\/wp\/v2\/comments?post=37346"}],"version-history":[{"count":2,"href":"https:\/\/inces.gob.ve\/index.php\/wp-json\/wp\/v2\/posts\/37346\/revisions"}],"predecessor-version":[{"id":37349,"href":"https:\/\/inces.gob.ve\/index.php\/wp-json\/wp\/v2\/posts\/37346\/revisions\/37349"}],"wp:featuredmedia":[{"embeddable":true,"href":"https:\/\/inces.gob.ve\/index.php\/wp-json\/wp\/v2\/media\/37347"}],"wp:attachment":[{"href":"https:\/\/inces.gob.ve\/index.php\/wp-json\/wp\/v2\/media?parent=37346"}],"wp:term":[{"taxonomy":"category","embeddable":true,"href":"https:\/\/inces.gob.ve\/index.php\/wp-json\/wp\/v2\/categories?post=37346"},{"taxonomy":"post_tag","embeddable":true,"href":"https:\/\/inces.gob.ve\/index.php\/wp-json\/wp\/v2\/tags?post=37346"}],"curies":[{"name":"wp","href":"https:\/\/api.w.org\/{rel}","templated":true}]}}