{"id":37353,"date":"2021-03-05T04:51:48","date_gmt":"2021-03-05T08:51:48","guid":{"rendered":"https:\/\/inces.gob.ve\/?p=37353"},"modified":"2021-03-05T04:59:26","modified_gmt":"2021-03-05T08:59:26","slug":"chavez-como-esta-todo-inces","status":"publish","type":"post","link":"https:\/\/inces.gob.ve\/index.php\/2021\/03\/05\/chavez-como-esta-todo-inces\/","title":{"rendered":"CH\u00c1VEZ: \u00ab\u00bfInces, c\u00f3mo est\u00e1 todo?\u00bb"},"content":{"rendered":"<p style=\"text-align: justify;\" align=\"justify\"><span style=\"font-size: 14pt;\"><i><b>** Anecdotario a ocho a\u00f1os de tu partida<\/b><\/i><!--more--><\/span><\/p>\n<p style=\"text-align: justify;\" align=\"justify\"><span style=\"font-size: 14pt;\">Bajo el sol de Camagu\u00e1n, a pocos kil\u00f3metros de San Fernando, llegaste con tu grandeza, con tu imponente presencia. Los gritos del pueblo, el sonido del arpa y el esc\u00e1ndalo de la Casa Militar desaparecer\u00edan por un momento. Me miraste a los ojos, fijo, dos segundos, y me dijiste: <b>\u00bfInces, c\u00f3mo est\u00e1 todo?<\/b><\/span><\/p>\n<p align=\"justify\">\n<p style=\"text-align: justify;\" align=\"justify\"><span style=\"font-size: 14pt;\">No hubo tiempo para respuestas, tampoco creo que la hubieses esperado. Y me qued\u00e9 ah\u00ed, frente al estero&#8230; petrificada.<\/span><\/p>\n<p align=\"justify\">\n<p style=\"text-align: justify;\" align=\"justify\"><span style=\"font-size: 14pt;\">No era la primera vez que te ve\u00eda. Trabajando con el capit\u00e1n Eli\u00e9zer Otaiza tuve la fortuna de acompa\u00f1arte en la primera graduaci\u00f3n de la Misi\u00f3n Robinson. Fue en la sala Rios Reyna. Como personal de protocolo se me asign\u00f3 hacer entrega de los certificados a Jos\u00e9 Vicente Rangel, quien estaba a tu izquierda. A tu diestra, Otaiza.<\/span><\/p>\n<p align=\"justify\">\n<p style=\"text-align: justify;\" align=\"justify\"><span style=\"font-size: 14pt;\">El protocolo ordena entregar los documentos por la derecha, pero nadie lo pens\u00f3\u2026 eras zurdo. Volteaste hacia donde yo estaba y me quisiste quitar los certificados que yo sosten\u00eda. Me aferr\u00e9 a ellos. <i>\u201cNo son los <\/i><i>t<\/i><i>uyos\u201d, <\/i>te dije entre dientes. Pero igual me los quitaste para descubrir que la persona que ten\u00edas al frente no era su due\u00f1a. Giraste, me miraste\u2026 me calcinaste. Esa vez no hab\u00eda esteros, ni sol, ni m\u00fasica llanera de fondo.<\/span><\/p>\n<p align=\"justify\">\n<p style=\"text-align: justify;\" align=\"justify\"><span style=\"font-size: 14pt;\">En el Teatro Municipal te vi y llor\u00e9. Apenas pisaste el escenario un vac\u00edo en el estomago, un escalofr\u00edo en la columna, una rara sensaci\u00f3n en la cabeza. A tu salida me volviste a mirar y me preguntaste <b>\u00bfInces, c\u00f3mo qued\u00f3 todo?<\/b> \u2026 y otra vez me qued\u00e9 sin responder.<\/span><\/p>\n<p align=\"justify\">\n<p style=\"text-align: justify;\" align=\"justify\"><span style=\"font-size: 14pt;\">Te acompa\u00f1\u00e9 en la campa\u00f1a por el S\u00ed y en la campa\u00f1a por el No. Recorr\u00ed Venezuela completica para esos cierres de campa\u00f1a. Prepar\u00e1bamos todo para tu llegada: sonido, alimentaci\u00f3n, tarimas, banderas\u2026 Eramos un equipo de al menos 15 personas, <b>Inces en su mayor\u00eda<\/b>, y la orden era: \u201cEn lo que Ch\u00e1vez comience a cantar el himno nacional nos vamos\u201d\u2026 y as\u00ed fue, en al menos 30 ocasiones. Cuando llegabas, al ritmo de tu Gloria al Bravo Pueblo, nos desped\u00edamos de ese escenario para ir a preparar el pr\u00f3ximo.<\/span><\/p>\n<p align=\"justify\">\n<p style=\"text-align: justify;\" align=\"justify\"><span style=\"font-size: 14pt;\">Quiz\u00e1 el momento m\u00e1s \u00edntimo que tuvimos fue en Lara. Llegaste de sorpresa a La Cuchilla, un caser\u00edo cafetalero escondido en las monta\u00f1as. Se supone que llegar\u00edas en alg\u00fan momento en helic\u00f3ptero, pero lo hiciste un d\u00eda antes y por tierra. Y con el pueblo te sentaste, cerca de media noche, en una sillita rota. La \u00fanica luz era la de un bombillo de la c\u00e1mara de prensa. No eramos m\u00e1s de 60 los testigos de aquel di\u00e1logo en las catacumbas del pueblo. Hablaste mucho aquella noche \u00a1que sorpresa! No s\u00e9 si por el viaje o por el trabajo, pero el sue\u00f1o me venc\u00eda. Te escuchaba a lo lejos. Mi recuerdo de aquella noche es vago\u2026 frases, im\u00e1genes\u2026<\/span><\/p>\n<p align=\"justify\">\n<p align=\"justify\"><span style=\"font-size: 14pt;\"><img loading=\"lazy\" decoding=\"async\" class=\"aligncenter wp-image-37354 size-full\" src=\"https:\/\/inces.gob.ve\/wp-content\/uploads\/2021\/03\/la-cuchiulla.png\" alt=\"\" width=\"519\" height=\"369\" srcset=\"https:\/\/inces.gob.ve\/wp-content\/uploads\/2021\/03\/la-cuchiulla.png 519w, https:\/\/inces.gob.ve\/wp-content\/uploads\/2021\/03\/la-cuchiulla-300x213.png 300w\" sizes=\"auto, (max-width: 519px) 100vw, 519px\" \/><\/span><\/p>\n<p align=\"justify\">\n<p align=\"justify\"><span style=\"font-size: 14pt;\">En Urachiche fui despedida en un Al\u00f3 Presidente. Antes de que el evento terminara ya hab\u00eda sido reenganchada. <b>Te vi en el audit<\/b><b>o<\/b><b>rio del Inces. <\/b>Te vi llegando a caballo a Elorza con tu camisa roja y tu sonrisa. Te vi en la plaza Bol\u00edvar cuando expropiaste La Francia. Te vi aquel 7 de octubre bajo la lluvia (aveces me busco en las fotograf\u00edas de archivo). Tambi\u00e9n estuve en una reuni\u00f3n contigo, previo a un acto en el sal\u00f3n Ayacucho, pero no te pude ver: mido 1,50. Por supuesto, t\u00fa tampoco me viste.<\/span><\/p>\n<p align=\"justify\">\n<p align=\"justify\"><span style=\"font-size: 14pt;\"><img loading=\"lazy\" decoding=\"async\" class=\"aligncenter wp-image-37356 size-full\" src=\"https:\/\/inces.gob.ve\/wp-content\/uploads\/2021\/03\/elorza.png\" alt=\"\" width=\"262\" height=\"376\" srcset=\"https:\/\/inces.gob.ve\/wp-content\/uploads\/2021\/03\/elorza.png 262w, https:\/\/inces.gob.ve\/wp-content\/uploads\/2021\/03\/elorza-209x300.png 209w\" sizes=\"auto, (max-width: 262px) 100vw, 262px\" \/><\/span><\/p>\n<p align=\"justify\">\n<p style=\"text-align: justify;\" align=\"justify\"><span style=\"font-size: 14pt;\">Las cosas cambiaron, te enfermaste. Desapareciste de la vida p\u00fablica. Yo asum\u00ed otras responsabilidades y no nos cruzamos m\u00e1s.<\/span><\/p>\n<p align=\"justify\">\n<p style=\"text-align: justify;\" align=\"justify\"><span style=\"font-size: 14pt;\">El 5 de marzo de 2013 sal\u00ed de mi casa a comprar quien sabe qu\u00e9. Yo estaba de reposo postnatal. La se\u00f1ora del kiosko al verme me pregunta: \u00ab\u00bfEs verdad?\u00bb Yo no entend\u00eda. Ante mi desconcierto solt\u00f3 la noticia:<\/span><\/p>\n<p style=\"text-align: justify;\" align=\"justify\"><span style=\"font-size: 14pt;\">&#8211; \u201cCh\u00e1vez se muri\u00f3\u201d, lo dijo Maduro<\/span><\/p>\n<p align=\"justify\">\n<p style=\"text-align: justify;\" align=\"justify\"><span style=\"font-size: 14pt;\">Nos abrazamos. La vista se me nubl\u00f3 y no s\u00e9 como llegu\u00e9 a casa. No recuerdo el trayecto. Yo estaba segura de que un d\u00eda saldr\u00edas en TV burl\u00e1ndote de todos aquellos <i>pendejos <\/i>que dec\u00edan que t\u00fa te hab\u00edas muerto.<\/span><\/p>\n<p align=\"justify\">\n<p style=\"text-align: justify;\" align=\"justify\"><span style=\"font-size: 14pt;\">Vivo muy cerca de Fuerte Tiuna y fui a recibir la carroza f\u00fanebre. Lo logr\u00e9. Volv\u00ed a casa. En los d\u00edas sucesivos intent\u00e9 acercarme a darte el \u00faltimo adi\u00f3s, pero fue imposible. Las colas pod\u00edan durar m\u00e1s de 24 horas y una beb\u00e9 de siete meses me imped\u00eda emprender esa \u00faltima empresa por ti, a tu lado.<\/span><\/p>\n<p align=\"justify\">\n<p style=\"text-align: justify;\" align=\"justify\"><span style=\"font-size: 14pt;\">Ahora la carroza pasar\u00eda por la autopista, rumbo al Cuartel de la Monta\u00f1a. Y me fui lo m\u00e1s cerca que pude. La gente corr\u00eda a tu lado. Yo ensimismada te vi pasar en lo que ser\u00eda tu \u00faltimo paseo por la ciudad y recuerdo que pens\u00e9: <b>\u201c<\/b><b>Ch<\/b><b>\u00e1<\/b><b>vez, h<\/b><b>asta la victoria siempre\u201d<\/b>.<\/span><\/p>\n<p align=\"justify\">\n<p style=\"text-align: justify;\" align=\"justify\"><span style=\"font-size: 14pt;\">Creo en Cristo y en la resurrecci\u00f3n de la carne, y por ello estoy segura de que te volver\u00e9 a ver, y entonces, ah\u00ed, cuando me preguntes:<\/span><\/p>\n<p style=\"text-align: justify;\" align=\"justify\"><span style=\"font-size: 14pt;\"><b>-\u00bfInces, c\u00f3mo est\u00e1 todo? <\/b><\/span><\/p>\n<p style=\"text-align: justify;\" align=\"justify\"><span style=\"font-size: 14pt;\">Yo te voy a responder: <b>\u201cVENCIMOS\u201d<\/b><\/span><\/p>\n<p align=\"justify\">\n<p align=\"justify\">\n<p align=\"justify\">\n<p align=\"justify\">\n<p style=\"text-align: justify;\" align=\"justify\"><span style=\"font-size: 14pt;\">LT<\/span><\/p>\n","protected":false},"excerpt":{"rendered":"<p>** Anecdotario a ocho a\u00f1os de tu partida<\/p>\n","protected":false},"author":4,"featured_media":37357,"comment_status":"closed","ping_status":"closed","sticky":false,"template":"","format":"standard","meta":{"footnotes":""},"categories":[2],"tags":[],"class_list":["post-37353","post","type-post","status-publish","format-standard","has-post-thumbnail","hentry","category-blog"],"_links":{"self":[{"href":"https:\/\/inces.gob.ve\/index.php\/wp-json\/wp\/v2\/posts\/37353","targetHints":{"allow":["GET"]}}],"collection":[{"href":"https:\/\/inces.gob.ve\/index.php\/wp-json\/wp\/v2\/posts"}],"about":[{"href":"https:\/\/inces.gob.ve\/index.php\/wp-json\/wp\/v2\/types\/post"}],"author":[{"embeddable":true,"href":"https:\/\/inces.gob.ve\/index.php\/wp-json\/wp\/v2\/users\/4"}],"replies":[{"embeddable":true,"href":"https:\/\/inces.gob.ve\/index.php\/wp-json\/wp\/v2\/comments?post=37353"}],"version-history":[{"count":5,"href":"https:\/\/inces.gob.ve\/index.php\/wp-json\/wp\/v2\/posts\/37353\/revisions"}],"predecessor-version":[{"id":37379,"href":"https:\/\/inces.gob.ve\/index.php\/wp-json\/wp\/v2\/posts\/37353\/revisions\/37379"}],"wp:featuredmedia":[{"embeddable":true,"href":"https:\/\/inces.gob.ve\/index.php\/wp-json\/wp\/v2\/media\/37357"}],"wp:attachment":[{"href":"https:\/\/inces.gob.ve\/index.php\/wp-json\/wp\/v2\/media?parent=37353"}],"wp:term":[{"taxonomy":"category","embeddable":true,"href":"https:\/\/inces.gob.ve\/index.php\/wp-json\/wp\/v2\/categories?post=37353"},{"taxonomy":"post_tag","embeddable":true,"href":"https:\/\/inces.gob.ve\/index.php\/wp-json\/wp\/v2\/tags?post=37353"}],"curies":[{"name":"wp","href":"https:\/\/api.w.org\/{rel}","templated":true}]}}