{"id":37387,"date":"2021-03-08T04:02:52","date_gmt":"2021-03-08T08:02:52","guid":{"rendered":"https:\/\/inces.gob.ve\/?p=37387"},"modified":"2021-03-07T23:05:40","modified_gmt":"2021-03-08T03:05:40","slug":"barinas-aprendices-participan-en-asesorias-pedagogicas-durante-semana-de-flexibilizacion","status":"publish","type":"post","link":"https:\/\/inces.gob.ve\/index.php\/2021\/03\/08\/barinas-aprendices-participan-en-asesorias-pedagogicas-durante-semana-de-flexibilizacion\/","title":{"rendered":"BARINAS*| Aprendices participan en asesor\u00edas pedag\u00f3gicas durante semana de flexibilizaci\u00f3n"},"content":{"rendered":"<p style=\"text-align: justify;\"><span style=\"font-size: 14pt;\"><strong><em>*** Los <\/em><\/strong><strong><em>puntos de apoyo pedag\u00f3gico de formaci\u00f3n y autoformaci\u00f3n productiva (papfap) constituyen una herramienta para garantizar, en el marco d ela pandemia por Covid_19, la continuidad de los procesos formativos de todos los Sujetos Protag\u00f3nicos de Aprendizaje de los programas de Formaci\u00f3n del INCES: Bachilleres Productivos, Aprendices y Participantes<\/em><\/strong><\/span><!--more--><\/p>\n<p style=\"text-align: justify;\"><span style=\"font-size: 14pt;\"><strong><em>\u00a0<\/em><\/strong><\/span><\/p>\n<p style=\"text-align: justify;\"><span style=\"font-size: 14pt;\">LORENA ALMARZA<\/span><\/p>\n<p style=\"text-align: justify;\"><span style=\"font-size: 14pt;\">Nuestros <strong>j\u00f3venes aprendices asistieron a sesiones de apoyo pedag\u00f3gico relacionadas con su <a href=\"https:\/\/www.instagram.com\/p\/CL7Vw9Ogczd\/?utm_source=ig_web_copy_link\">formaci\u00f3n pr\u00e1ctica y desempe\u00f1o en entidades de trabajo<\/a> con la Coordinaci\u00f3n del Programa Nacional de Aprendizaje (PNA) del Inces regional.<\/strong><\/span><\/p>\n<p style=\"text-align: justify;\"><span style=\"font-size: 14pt;\"><strong>\u00a0<\/strong><\/span><\/p>\n<p style=\"text-align: justify;\"><span style=\"font-size: 14pt;\"><strong>Las asesor\u00edas pedag\u00f3gicas constituyen un complemento de las actividades de formaci\u00f3n y acompa\u00f1amiento que se realizan a distancia, por diversas v\u00edas tecnol\u00f3gicas, dada la pandemia por Covid_19, las cuales se realizan durante las semanas de flexibilizaci\u00f3n y tienen una duraci\u00f3n de 45 minutos aproximadamente<\/strong>.<\/span><\/p>\n<p>&nbsp;<\/p>\n<p style=\"text-align: justify;\"><span style=\"font-size: 14pt;\">Importante destacar que <strong>el PNA es un programa de car\u00e1cter social, a trav\u00e9s del cual j\u00f3venes son incorporados al proceso social del trabajo para continuar su proceso de formaci\u00f3n y autoformaci\u00f3n.<\/strong><\/span><\/p>\n<p style=\"text-align: justify;\">\n","protected":false},"excerpt":{"rendered":"<p>*** Los puntos de apoyo pedag\u00f3gico de formaci\u00f3n y autoformaci\u00f3n productiva (papfap) constituyen una herramienta para garantizar, en el marco d ela pandemia por Covid_19, la continuidad de los procesos formativos de todos los Sujetos Protag\u00f3nicos de Aprendizaje de los programas de Formaci\u00f3n del INCES: Bachilleres Productivos, Aprendices y Participantes<\/p>\n","protected":false},"author":4,"featured_media":37389,"comment_status":"closed","ping_status":"closed","sticky":false,"template":"","format":"standard","meta":{"footnotes":""},"categories":[2],"tags":[151,275],"class_list":["post-37387","post","type-post","status-publish","format-standard","has-post-thumbnail","hentry","category-blog","tag-barinas","tag-puntodeapoyopedagogico"],"_links":{"self":[{"href":"https:\/\/inces.gob.ve\/index.php\/wp-json\/wp\/v2\/posts\/37387","targetHints":{"allow":["GET"]}}],"collection":[{"href":"https:\/\/inces.gob.ve\/index.php\/wp-json\/wp\/v2\/posts"}],"about":[{"href":"https:\/\/inces.gob.ve\/index.php\/wp-json\/wp\/v2\/types\/post"}],"author":[{"embeddable":true,"href":"https:\/\/inces.gob.ve\/index.php\/wp-json\/wp\/v2\/users\/4"}],"replies":[{"embeddable":true,"href":"https:\/\/inces.gob.ve\/index.php\/wp-json\/wp\/v2\/comments?post=37387"}],"version-history":[{"count":2,"href":"https:\/\/inces.gob.ve\/index.php\/wp-json\/wp\/v2\/posts\/37387\/revisions"}],"predecessor-version":[{"id":37390,"href":"https:\/\/inces.gob.ve\/index.php\/wp-json\/wp\/v2\/posts\/37387\/revisions\/37390"}],"wp:featuredmedia":[{"embeddable":true,"href":"https:\/\/inces.gob.ve\/index.php\/wp-json\/wp\/v2\/media\/37389"}],"wp:attachment":[{"href":"https:\/\/inces.gob.ve\/index.php\/wp-json\/wp\/v2\/media?parent=37387"}],"wp:term":[{"taxonomy":"category","embeddable":true,"href":"https:\/\/inces.gob.ve\/index.php\/wp-json\/wp\/v2\/categories?post=37387"},{"taxonomy":"post_tag","embeddable":true,"href":"https:\/\/inces.gob.ve\/index.php\/wp-json\/wp\/v2\/tags?post=37387"}],"curies":[{"name":"wp","href":"https:\/\/api.w.org\/{rel}","templated":true}]}}