{"id":37410,"date":"2021-03-09T07:52:15","date_gmt":"2021-03-09T11:52:15","guid":{"rendered":"https:\/\/inces.gob.ve\/?p=37410"},"modified":"2021-03-09T07:54:17","modified_gmt":"2021-03-09T11:54:17","slug":"inces-traduce-el-2021-en-politica-publica-aula-virtual-y-produccion","status":"publish","type":"post","link":"https:\/\/inces.gob.ve\/index.php\/2021\/03\/09\/inces-traduce-el-2021-en-politica-publica-aula-virtual-y-produccion\/","title":{"rendered":"Inces traduce el 2021 en pol\u00edtica p\u00fablica, aula virtual y producci\u00f3n"},"content":{"rendered":"<p style=\"text-align: justify;\"><strong><span style=\"font-size: 14pt; font-family: arial, helvetica, sans-serif;\"><em>** Participantes del curso Electr\u00f3nica contar\u00e1n con simuladores virtuales para realizar sus pr\u00e1cticas a distancia<\/em><\/span><\/strong><\/p>\n<p style=\"text-align: justify;\"><span style=\"font-size: 14pt; font-family: arial, helvetica, sans-serif;\"><!--more--><\/span><\/p>\n<p>&nbsp;<\/p>\n<p style=\"text-align: justify;\"><span style=\"font-size: 14pt; font-family: arial, helvetica, sans-serif;\"><b>LONGINA TOVAR <\/b><\/span><\/p>\n<p style=\"text-align: justify;\"><span style=\"font-size: 14pt; font-family: arial, helvetica, sans-serif;\">El Inces se traz\u00f3 como meta para el 2020 <a href=\"https:\/\/inces.gob.ve\/index.php\/2021\/01\/20\/la-construccion-de-una-politica-publica-para-la-formacion-tecnica-profesional-es-agenda-prioritaria\/\"><b>dise\u00f1ar una pol\u00edtica p\u00fablica <\/b><\/a>que le permita visibilizar la importancia de la formaci\u00f3n t\u00e9cnica profesional como recurso primario para motorizar la econom\u00eda del pa\u00eds, <b>contar con un campus virtual<\/b>, en atenci\u00f3n a la pandemia por la COVID-19 y <b>egresar de <\/b><b>sus aulas hombres y mujeres capaces de producir <\/b>aquellos rubros y servicios que hoy son necesarios en el pa\u00eds.<\/span><\/p>\n<p>&nbsp;<\/p>\n<p>&nbsp;<\/p>\n<p style=\"text-align: justify;\"><span style=\"font-size: 14pt; font-family: arial, helvetica, sans-serif;\">La informaci\u00f3n fue ofrecida por el <b>gerente general de Formaci\u00f3n y Autoformaci\u00f3n del Inces, Jes\u00fas Hern\u00e1ndez<\/b>, a trav\u00e9s de los micr\u00f3fonos de Radio Nacional de Venezuela y la conducci\u00f3n de la reconocida periodista Nieves Vald\u00e9z<\/span><\/p>\n<p>&nbsp;<\/p>\n<p style=\"text-align: justify;\"><span style=\"font-size: 14pt; font-family: arial, helvetica, sans-serif;\"><b>POL\u00cdTICA P\u00daBLICA<\/b><\/span><\/p>\n<p style=\"text-align: justify;\"><span style=\"font-size: 14pt; font-family: arial, helvetica, sans-serif;\">El gobierno bolivariano de Venezuela trabaja en el dise\u00f1o y establecimiento de planes y programas que orienten la gesti\u00f3n del presidente Nicol\u00e1s Maduro a <b>alcanzar los objetivos contemplados en el<a href=\"http:\/\/www.mppp.gob.ve\/wp-content\/uploads\/2019\/04\/DESPLEGABLE-PLAN-PATRIA-2019-2025.pdf\"> Plan de la Patria <\/a><\/b>y en la <a href=\"https:\/\/www.cepal.org\/es\/temas\/agenda-2030-desarrollo-sostenible\">agenda 2030<\/a> para el desarrollo sostenible.<br \/>\n<\/span><\/p>\n<p><span style=\"font-size: 12pt;\"><strong> <a href=\"https:\/\/bit.ly\/3v919sI\">\ud83d\udcfa\ud83d\udcf1 ENTREVISTAS| Escucha en RNV a Jes\u00fas Hern\u00e1ndez, Gte. Gral. de Formaci\u00f3n y Autoformaci\u00f3n del Inces 08\/03\/2021<\/a><\/strong><\/span><\/p>\n<p style=\"text-align: justify;\"><span style=\"font-size: 14pt; font-family: arial, helvetica, sans-serif;\">En consonancia con lo expuesto, el Inces, como conclusi\u00f3n del <a href=\"https:\/\/inces.gob.ve\/index.php\/2020\/08\/24\/educacion-y-trabajo-fueron-los-protagonistas-en-la-clausura-del-ii-congreso-pedagogico-inces-2020\/\">2do Congreso pedag\u00f3gico con Consciencia Productiva<\/a> que se realiz\u00f3 en 2020, se propuso sistematizar todo lo discutido en ese espacio y promover la realizaci\u00f3n de mesas de trabajo con <b>actores del alto gobierno<\/b>, con la finalidad de debatir las <b>l\u00edneas estrat\u00e9gicas que deben trazarse respecto a la necesidad de la creaci\u00f3n de un sistema de ense\u00f1anza y formaci\u00f3n t\u00e9cnica profesional como pol\u00edtica p\u00fablica y que que se concrete en una Ley <\/b>que lo respalde en el \u00e1mbito nacional.<\/span><\/p>\n<p>&nbsp;<\/p>\n<p>&nbsp;<\/p>\n<p style=\"text-align: justify;\"><span style=\"font-size: 14pt; font-family: arial, helvetica, sans-serif;\">\u201cEl Inces trabaja en el dise\u00f1o de un pol\u00edtica p\u00fablica pertinente que respalde y apoye el nuevo modelo econ\u00f3mico que se plantea la gesti\u00f3n del presidente Nicol\u00e1s Maduro\u201d, especific\u00f3 el titular de Formaci\u00f3n Profesional.<br \/>\n<\/span><\/p>\n<p>&nbsp;<\/p>\n<p>&nbsp;<\/p>\n<p style=\"text-align: justify;\"><span style=\"font-size: 14pt; font-family: arial, helvetica, sans-serif;\"><b>AULA VIRTUALES<\/b><\/span><\/p>\n<p style=\"text-align: justify;\"><span style=\"font-size: 14pt; font-family: arial, helvetica, sans-serif;\">Hern\u00e1ndez explic\u00f3 que en los pr\u00f3ximos d\u00edas el Inces contar\u00e1 con un campus virtual c\u00f3nsono con las caracter\u00edsticas que exige la formaci\u00f3n que se dicta en esa casa de estudio.<\/span><\/p>\n<p>&nbsp;<\/p>\n<p>&nbsp;<\/p>\n<p style=\"text-align: justify;\"><span style=\"font-size: 14pt; font-family: arial, helvetica, sans-serif;\">\u201cActualmente <b>se <\/b><b>est\u00e1 <\/b><b>selecciona<\/b><b>ndo<\/b><b> un grupo de <\/b><b>cursos y unidades curriculares que podemos virtualizar, <\/b>para que los interesados puedan formarse en l\u00ednea, dentro de un ambiente \u00f3ptimo y que responda a la particular metodolog\u00eda robinsoniana aprender haciendo que pone en pr\u00e1ctica el Inces\u201d, dijo Hern\u00e1ndez.<\/span><\/p>\n<p>&nbsp;<\/p>\n<p>&nbsp;<\/p>\n<p style=\"text-align: justify;\"><span style=\"font-size: 14pt; font-family: arial, helvetica, sans-serif;\">Ejemplific\u00f3 que <b>se <\/b><b>va<\/b><b>n<\/b><b> a utilizar simuladores virtuales <\/b><b>en \u00e1reas como la electr\u00f3nica<\/b><b>, <\/b><b>donde los cursantes podr<\/b><b>\u00e1<\/b><b>n hacer su pr\u00e1ctica, <\/b>\u201cel mismo sistema les indicar\u00e1 si van haci\u00e9ndolo de la forma correcta o no, siempre acompa\u00f1ados por los maestros del Inces\u201d.<\/span><\/p>\n<p>&nbsp;<\/p>\n<p>&nbsp;<\/p>\n<p style=\"text-align: justify;\"><span style=\"font-size: 14pt; font-family: arial, helvetica, sans-serif;\"><b>INCES PRODUCTIVO<\/b><\/span><\/p>\n<p style=\"text-align: justify;\"><span style=\"font-size: 14pt; font-family: arial, helvetica, sans-serif;\">El Inces no solo trabaja en las comunas y bases de misiones, sino tambi\u00e9n en las entidades de trabajo, instituciones militares y educativas y ahora en los CDI. <b>\u201c\u00daltimamente nos hemos sumado, en los 24 estados, a la fuerza de trabajo especial \u201cDr. Jo\u015be Gregorio Hern\u00e1ndez\u201d<\/b>, donde nuestro talento t\u00e9cnico ha atendido 66 hospitales priorizados.<\/span><\/p>\n<p>&nbsp;<\/p>\n<p>&nbsp;<\/p>\n<p style=\"text-align: justify;\"><span style=\"font-size: 14pt; font-family: arial, helvetica, sans-serif;\">\u201cEl Inces tiene una ruta bien establecida: formar en proyectos socioecon\u00f3micos, formar en el perfil productivo y luego conformar un proyecto para ser presentado ante la banca p\u00fablica nacional y lograr as\u00ed el financiamiento requerido para emprender\u201d.<\/span><\/p>\n<p>&nbsp;<\/p>\n<p>&nbsp;<\/p>\n<p style=\"text-align: justify;\"><span style=\"font-size: 14pt; font-family: arial, helvetica, sans-serif;\">Explic\u00f3 el gerente general que ya se tiene la caracterizaci\u00f3n de espacios productivos en el Inces donde se pueden generar algunos emprendimientos, y de esta forma <b>atender <\/b><b>las \u00e1reas <\/b><b>identificadas en la Agenda Econ\u00f3mica Bolivariana, en atenci\u00f3n a los motores priorizados que esta define y que son necesarios para dar respuesta a las necesidades b\u00e1sicas del pa\u00eds <\/b>en materia de producci\u00f3n de bienes y prestaci\u00f3n de servicios, concluy\u00f3.<\/span><\/p>\n<p>&nbsp;<\/p>\n<p>&nbsp;<\/p>\n","protected":false},"excerpt":{"rendered":"<p>** Participantes del curso Electr\u00f3nica contar\u00e1n con simuladores virtuales para realizar sus pr\u00e1cticas a distancia<\/p>\n","protected":false},"author":4,"featured_media":37414,"comment_status":"closed","ping_status":"closed","sticky":false,"template":"","format":"standard","meta":{"footnotes":""},"categories":[2],"tags":[159,303,262],"class_list":["post-37410","post","type-post","status-publish","format-standard","has-post-thumbnail","hentry","category-blog","tag-aulasvirtuales","tag-incesproductivo","tag-politicapublica"],"_links":{"self":[{"href":"https:\/\/inces.gob.ve\/index.php\/wp-json\/wp\/v2\/posts\/37410","targetHints":{"allow":["GET"]}}],"collection":[{"href":"https:\/\/inces.gob.ve\/index.php\/wp-json\/wp\/v2\/posts"}],"about":[{"href":"https:\/\/inces.gob.ve\/index.php\/wp-json\/wp\/v2\/types\/post"}],"author":[{"embeddable":true,"href":"https:\/\/inces.gob.ve\/index.php\/wp-json\/wp\/v2\/users\/4"}],"replies":[{"embeddable":true,"href":"https:\/\/inces.gob.ve\/index.php\/wp-json\/wp\/v2\/comments?post=37410"}],"version-history":[{"count":6,"href":"https:\/\/inces.gob.ve\/index.php\/wp-json\/wp\/v2\/posts\/37410\/revisions"}],"predecessor-version":[{"id":37417,"href":"https:\/\/inces.gob.ve\/index.php\/wp-json\/wp\/v2\/posts\/37410\/revisions\/37417"}],"wp:featuredmedia":[{"embeddable":true,"href":"https:\/\/inces.gob.ve\/index.php\/wp-json\/wp\/v2\/media\/37414"}],"wp:attachment":[{"href":"https:\/\/inces.gob.ve\/index.php\/wp-json\/wp\/v2\/media?parent=37410"}],"wp:term":[{"taxonomy":"category","embeddable":true,"href":"https:\/\/inces.gob.ve\/index.php\/wp-json\/wp\/v2\/categories?post=37410"},{"taxonomy":"post_tag","embeddable":true,"href":"https:\/\/inces.gob.ve\/index.php\/wp-json\/wp\/v2\/tags?post=37410"}],"curies":[{"name":"wp","href":"https:\/\/api.w.org\/{rel}","templated":true}]}}