{"id":37424,"date":"2021-03-09T07:50:30","date_gmt":"2021-03-09T11:50:30","guid":{"rendered":"https:\/\/inces.gob.ve\/?p=37424"},"modified":"2021-03-09T07:54:39","modified_gmt":"2021-03-09T11:54:39","slug":"portuguesa-inces-continua-trabajando-en-la-recuperacion-de-centros-hospitalarios","status":"publish","type":"post","link":"https:\/\/inces.gob.ve\/index.php\/2021\/03\/09\/portuguesa-inces-continua-trabajando-en-la-recuperacion-de-centros-hospitalarios\/","title":{"rendered":"PORTUGUESA* | Inces contin\u00faa trabajando en la recuperaci\u00f3n de centros hospitalarios"},"content":{"rendered":"<p style=\"text-align: justify;\"><span style=\"font-size: 14pt;\"><em><strong>** En uni\u00f3n c\u00edvico militar, cuerpos castrenses y organismos del Estado levantan informes diagn\u00f3sticos que le permitan priorizar y atender la infraestructura y equipos m\u00e9dicos de los hospitales priorizados de todo el pa\u00eds<\/strong><\/em><!--more--><\/span><\/p>\n<p style=\"text-align: justify;\"><span style=\"font-size: 14pt;\"><strong>LONGINA TOVAR<\/strong><\/span><\/p>\n<p style=\"text-align: justify;\"><span style=\"font-size: 14pt;\">La Gerencia Regional del Inces Portuguesa sostuvo una reuni\u00f3n de planificaci\u00f3n con personal personal m\u00e9dico y directivo del Hospital Universitario \u00ab<span dir=\"auto\">Jes\u00fas Mar\u00eda Casal Ramos\u00bb, ubicado en Araure, con la finalidad de trazar la ruta a seguir para el abordaje y recuperaci\u00f3n del espacio f\u00edsico y equipos m\u00e9dicos de este recinto de salud.<\/span> <\/span><\/p>\n<p style=\"text-align: justify;\">\n<p style=\"text-align: justify;\"><span style=\"font-size: 14pt;\">Asistieron a la reuni\u00f3n representantes de otros organismos del Estado, y se cont\u00f3 con la presencia de la CEOFANB, responsable de liderar <span dir=\"auto\">el Plan de Fuerza de Tarea Conjunta \u00abDr. Jos\u00e9 Gregorio Hern\u00e1ndez\u00bb orientado por el presidente de la Rep\u00fablica, Nicol\u00e1s Maduro oros. <\/span><\/span><br \/>\n<span style=\"font-size: 14pt;\">&#8212;<\/span><\/p>\n","protected":false},"excerpt":{"rendered":"<p>** En uni\u00f3n c\u00edvico militar, cuerpos castrenses y organismos del Estado levantan informes diagn\u00f3sticos que le permitan priorizar y atender la infraestructura y equipos m\u00e9dicos de los hospitales priorizados de todo el pa\u00eds<\/p>\n","protected":false},"author":4,"featured_media":37425,"comment_status":"closed","ping_status":"closed","sticky":false,"template":"","format":"standard","meta":{"footnotes":""},"categories":[2],"tags":[277,276,92],"class_list":["post-37424","post","type-post","status-publish","format-standard","has-post-thumbnail","hentry","category-blog","tag-drjosegregoriohernandez","tag-fuerzadetrabajoespecial","tag-portuguesa"],"_links":{"self":[{"href":"https:\/\/inces.gob.ve\/index.php\/wp-json\/wp\/v2\/posts\/37424","targetHints":{"allow":["GET"]}}],"collection":[{"href":"https:\/\/inces.gob.ve\/index.php\/wp-json\/wp\/v2\/posts"}],"about":[{"href":"https:\/\/inces.gob.ve\/index.php\/wp-json\/wp\/v2\/types\/post"}],"author":[{"embeddable":true,"href":"https:\/\/inces.gob.ve\/index.php\/wp-json\/wp\/v2\/users\/4"}],"replies":[{"embeddable":true,"href":"https:\/\/inces.gob.ve\/index.php\/wp-json\/wp\/v2\/comments?post=37424"}],"version-history":[{"count":1,"href":"https:\/\/inces.gob.ve\/index.php\/wp-json\/wp\/v2\/posts\/37424\/revisions"}],"predecessor-version":[{"id":37426,"href":"https:\/\/inces.gob.ve\/index.php\/wp-json\/wp\/v2\/posts\/37424\/revisions\/37426"}],"wp:featuredmedia":[{"embeddable":true,"href":"https:\/\/inces.gob.ve\/index.php\/wp-json\/wp\/v2\/media\/37425"}],"wp:attachment":[{"href":"https:\/\/inces.gob.ve\/index.php\/wp-json\/wp\/v2\/media?parent=37424"}],"wp:term":[{"taxonomy":"category","embeddable":true,"href":"https:\/\/inces.gob.ve\/index.php\/wp-json\/wp\/v2\/categories?post=37424"},{"taxonomy":"post_tag","embeddable":true,"href":"https:\/\/inces.gob.ve\/index.php\/wp-json\/wp\/v2\/tags?post=37424"}],"curies":[{"name":"wp","href":"https:\/\/api.w.org\/{rel}","templated":true}]}}