{"id":37453,"date":"2021-03-10T07:32:48","date_gmt":"2021-03-10T11:32:48","guid":{"rendered":"https:\/\/inces.gob.ve\/?p=37453"},"modified":"2021-04-07T08:56:00","modified_gmt":"2021-04-07T12:56:00","slug":"lara-programa-bachillerato-productivo-y-zona-educativa-coordinan-atencion-a-jovenes-con-discapacidad","status":"publish","type":"post","link":"https:\/\/inces.gob.ve\/index.php\/2021\/03\/10\/lara-programa-bachillerato-productivo-y-zona-educativa-coordinan-atencion-a-jovenes-con-discapacidad\/","title":{"rendered":"LARA* | Programa Bachillerato Productivo y Zona Educativa coordinan atenci\u00f3n a j\u00f3venes con discapacidad"},"content":{"rendered":"<p style=\"text-align: justify;\"><span style=\"font-size: 14pt;\"><strong><em>***<\/em><\/strong><strong><em> El Inces cuenta con un Programa de Educaci\u00f3n Especial que tiene por objetivo coordinar, acompa\u00f1ar, orientar y evaluar las acciones emprendidas por el programa de formaci\u00f3n, autoformaci\u00f3n colectiva, integral, continua y permanente, en correspondencia con las necesidades de las personas con discapacidad <\/em><\/strong><!--more--><\/span><\/p>\n<p style=\"text-align: justify;\"><span style=\"font-size: 14pt;\"><strong><em>\u00a0<\/em><\/strong><\/span><\/p>\n<p style=\"text-align: justify;\"><span style=\"font-size: 14pt;\"><strong>LORENA ALMARZA<\/strong><\/span><\/p>\n<p style=\"text-align: justify;\"><span style=\"font-size: 14pt;\">Comprometidas con la inclusi\u00f3n y el derecho a la educaci\u00f3n de todas y todos, <strong>equipos de integraci\u00f3n y la Directora de educaci\u00f3n especial de la Zona Educativa, la profesora Nubcelin Silva y la Coordinaci\u00f3n del Programa Bachillerato Productivo del Inces Regional, sostuvieron <a href=\"https:\/\/twitter.com\/IncesLara2\/status\/1367162985974816779?s=20\">reuni\u00f3n de trabajo para evaluar propuestas dirigidas a la juventud con discapacidad<\/a><\/strong>, a fin de incorporarlos para garantizar su derecho a la educaci\u00f3n, el desarrollo de sus potencialidades y promover su participaci\u00f3n en el trabajo productivo.<\/span><\/p>\n<p style=\"text-align: justify;\">\n","protected":false},"excerpt":{"rendered":"<p>*** El Inces cuenta con un Programa de Educaci\u00f3n Especial que tiene por objetivo coordinar, acompa\u00f1ar, orientar y evaluar las acciones emprendidas por el programa de formaci\u00f3n, autoformaci\u00f3n colectiva, integral, continua y permanente, en correspondencia con las necesidades de las personas con discapacidad<\/p>\n","protected":false},"author":4,"featured_media":37454,"comment_status":"closed","ping_status":"closed","sticky":false,"template":"","format":"standard","meta":{"footnotes":""},"categories":[2],"tags":[84],"class_list":["post-37453","post","type-post","status-publish","format-standard","has-post-thumbnail","hentry","category-blog","tag-lara"],"_links":{"self":[{"href":"https:\/\/inces.gob.ve\/index.php\/wp-json\/wp\/v2\/posts\/37453","targetHints":{"allow":["GET"]}}],"collection":[{"href":"https:\/\/inces.gob.ve\/index.php\/wp-json\/wp\/v2\/posts"}],"about":[{"href":"https:\/\/inces.gob.ve\/index.php\/wp-json\/wp\/v2\/types\/post"}],"author":[{"embeddable":true,"href":"https:\/\/inces.gob.ve\/index.php\/wp-json\/wp\/v2\/users\/4"}],"replies":[{"embeddable":true,"href":"https:\/\/inces.gob.ve\/index.php\/wp-json\/wp\/v2\/comments?post=37453"}],"version-history":[{"count":2,"href":"https:\/\/inces.gob.ve\/index.php\/wp-json\/wp\/v2\/posts\/37453\/revisions"}],"predecessor-version":[{"id":37823,"href":"https:\/\/inces.gob.ve\/index.php\/wp-json\/wp\/v2\/posts\/37453\/revisions\/37823"}],"wp:featuredmedia":[{"embeddable":true,"href":"https:\/\/inces.gob.ve\/index.php\/wp-json\/wp\/v2\/media\/37454"}],"wp:attachment":[{"href":"https:\/\/inces.gob.ve\/index.php\/wp-json\/wp\/v2\/media?parent=37453"}],"wp:term":[{"taxonomy":"category","embeddable":true,"href":"https:\/\/inces.gob.ve\/index.php\/wp-json\/wp\/v2\/categories?post=37453"},{"taxonomy":"post_tag","embeddable":true,"href":"https:\/\/inces.gob.ve\/index.php\/wp-json\/wp\/v2\/tags?post=37453"}],"curies":[{"name":"wp","href":"https:\/\/api.w.org\/{rel}","templated":true}]}}