{"id":37468,"date":"2021-03-11T08:28:22","date_gmt":"2021-03-11T12:28:22","guid":{"rendered":"https:\/\/inces.gob.ve\/?p=37468"},"modified":"2021-03-11T08:28:22","modified_gmt":"2021-03-11T12:28:22","slug":"portuguesa-productores-artesanales-de-cerdos-reciben-formacion-del-inces","status":"publish","type":"post","link":"https:\/\/inces.gob.ve\/index.php\/2021\/03\/11\/portuguesa-productores-artesanales-de-cerdos-reciben-formacion-del-inces\/","title":{"rendered":"PORTUGUESA | Productores artesanales de cerdos reciben formaci\u00f3n del Inces"},"content":{"rendered":"<p align=\"justify\"><span style=\"font-family: Arial, sans-serif;\"><span style=\"font-size: large;\"><i><b>** Ampliar los conocimientos del talento t\u00e9cnico para elevar la producci\u00f3n porcina en las comunidades es el objetivo fundamental del curso de cr\u00eda de cerdos<\/b><\/i><\/span><\/span><!--more--><\/p>\n<p align=\"justify\">\n<p align=\"justify\"><span style=\"font-family: Arial, sans-serif;\"><span style=\"font-size: large;\"><b>JES\u00daS EDUARDO P\u00c9REZ<\/b><\/span><\/span><\/p>\n<p align=\"justify\"><span style=\"font-family: Arial, sans-serif;\"><span style=\"font-size: large;\">Con una participaci\u00f3n de 28 peque\u00f1os productores de las comunidades Choro Gonzalero y Choro Araguaney, del municipio Esteller, se desarrolla la formaci\u00f3n productiva de Cr\u00eda de Cerdos, enmarcada en el motor agroalimentario e impartida por el maestro Herwin Renes Gonz\u00e1lez, del Programa Unidades M\u00f3viles del Inces en Portuguesa.<\/span><\/span><\/p>\n<p align=\"justify\">\n<p align=\"justify\"><span style=\"font-family: Arial, sans-serif;\"><span style=\"font-size: large;\">Estos participantes desarrollan sus conocimientos en el manejo de las instalaciones para la explotaci\u00f3n porcina, alimentaci\u00f3n, sanidad, reproducci\u00f3n del reba\u00f1o, entre otros aspectos importantes, logrando el dise\u00f1o de un plan de levante y desarrollo que garantice elevados \u00edndices de conversi\u00f3n, par\u00e1metros de calidad, prolificidad y rendimiento en canal de la mencionada especie.<\/span><\/span><\/p>\n<p align=\"justify\">\n<p align=\"justify\"><span style=\"font-family: Arial, sans-serif;\"><span style=\"font-size: large;\">Al mismo tiempo, se capacitan a trav\u00e9s de pr\u00e1cticas en descolmille, descole, cura de ombligo, aplicaci\u00f3n de minerales en lechones reci\u00e9n nacidos y colaci\u00f3n de f\u00e1rmacos, obteniendo como resultado el aprendizaje de una nueva ocupaci\u00f3n productiva y la minimizaci\u00f3n de los gastos en el proceso de producci\u00f3n.<\/span><\/span><\/p>\n<p align=\"justify\">\n<p align=\"justify\"><span style=\"font-family: Arial, sans-serif;\"><span style=\"font-size: large;\">Para Mar\u00eda Carrasco, productora y participante del mencionado curso, la importancia de esta formaci\u00f3n es que se logra la complementaci\u00f3n del saber ancestral con los conocimientos t\u00e9cnicos aportados por el Inces a trav\u00e9s de sus maestros, siendo el pilar fundamental para la producci\u00f3n porcina y de esta manera garantizar la sustentabilidad de las comunidades y aportar al crecimiento del aparato productivo nacional.<\/span><\/span><\/p>\n<p align=\"justify\">\n","protected":false},"excerpt":{"rendered":"<p>** Ampliar los conocimientos del talento t\u00e9cnico para elevar la producci\u00f3n porcina en las comunidades es el objetivo fundamental del curso de cr\u00eda de cerdos<\/p>\n","protected":false},"author":4,"featured_media":37469,"comment_status":"closed","ping_status":"closed","sticky":false,"template":"","format":"standard","meta":{"footnotes":""},"categories":[2],"tags":[306,92],"class_list":["post-37468","post","type-post","status-publish","format-standard","has-post-thumbnail","hentry","category-blog","tag-cria","tag-portuguesa"],"_links":{"self":[{"href":"https:\/\/inces.gob.ve\/index.php\/wp-json\/wp\/v2\/posts\/37468","targetHints":{"allow":["GET"]}}],"collection":[{"href":"https:\/\/inces.gob.ve\/index.php\/wp-json\/wp\/v2\/posts"}],"about":[{"href":"https:\/\/inces.gob.ve\/index.php\/wp-json\/wp\/v2\/types\/post"}],"author":[{"embeddable":true,"href":"https:\/\/inces.gob.ve\/index.php\/wp-json\/wp\/v2\/users\/4"}],"replies":[{"embeddable":true,"href":"https:\/\/inces.gob.ve\/index.php\/wp-json\/wp\/v2\/comments?post=37468"}],"version-history":[{"count":1,"href":"https:\/\/inces.gob.ve\/index.php\/wp-json\/wp\/v2\/posts\/37468\/revisions"}],"predecessor-version":[{"id":37470,"href":"https:\/\/inces.gob.ve\/index.php\/wp-json\/wp\/v2\/posts\/37468\/revisions\/37470"}],"wp:featuredmedia":[{"embeddable":true,"href":"https:\/\/inces.gob.ve\/index.php\/wp-json\/wp\/v2\/media\/37469"}],"wp:attachment":[{"href":"https:\/\/inces.gob.ve\/index.php\/wp-json\/wp\/v2\/media?parent=37468"}],"wp:term":[{"taxonomy":"category","embeddable":true,"href":"https:\/\/inces.gob.ve\/index.php\/wp-json\/wp\/v2\/categories?post=37468"},{"taxonomy":"post_tag","embeddable":true,"href":"https:\/\/inces.gob.ve\/index.php\/wp-json\/wp\/v2\/tags?post=37468"}],"curies":[{"name":"wp","href":"https:\/\/api.w.org\/{rel}","templated":true}]}}