{"id":37511,"date":"2021-03-15T11:43:13","date_gmt":"2021-03-15T15:43:13","guid":{"rendered":"https:\/\/inces.gob.ve\/?p=37511"},"modified":"2021-04-07T09:01:33","modified_gmt":"2021-04-07T13:01:33","slug":"delta-amacuro-estudiantes-de-bachillerato-productivo-reciben-asesorias-pedagogicas","status":"publish","type":"post","link":"https:\/\/inces.gob.ve\/index.php\/2021\/03\/15\/delta-amacuro-estudiantes-de-bachillerato-productivo-reciben-asesorias-pedagogicas\/","title":{"rendered":"DELTA AMACURO* | Estudiantes de bachillerato productivo reciben asesor\u00edas pedag\u00f3gicas"},"content":{"rendered":"<p style=\"text-align: justify;\"><span style=\"font-size: 14pt;\"><strong><em>***<\/em><\/strong><strong><em>Los Puntos de Apoyo Pedag\u00f3gico de Formaci\u00f3n y Autoformaci\u00f3n Productiva son\u00a0<\/em><\/strong><strong><em>espacios para el encuentro pedag\u00f3gico con las y los participantes de los diferentes programas de formaci\u00f3n del Inces, los cuales se implementan a partir de la pandemia por COVID-19<\/em><\/strong><\/span><!--more--><\/p>\n<p style=\"text-align: justify;\"><strong><span style=\"font-size: 14pt;\">LORENA ALMARZA<\/span><\/strong><\/p>\n<p style=\"text-align: justify;\"><span style=\"font-size: 14pt;\"><strong>Durante la semana de flexibilizaci\u00f3n continuaron las <a href=\"https:\/\/twitter.com\/incesdelta1\/status\/1369637796613398528?s=20\">asesor\u00edas pedag\u00f3gicas <\/a><\/strong>con la participaci\u00f3n activa de los sujetos protagonistas del Programa <strong>Bachillerato Productivo para garantizar la formaci\u00f3n de los futuros bachilleres. <\/strong><\/span><\/p>\n<p style=\"text-align: justify;\"><span style=\"font-size: 14pt;\"><strong>En estos encuentros <\/strong><strong>los participantes intercambian ideas, inquietudes y se familiarizan de manera directa con los temas o unidades de aprendizaje.<\/strong> A su vez, <strong>reciben orientaciones, realizan pr\u00e1cticas y revisi\u00f3n de los trabajos presentados<\/strong> bajo la modalidad a distancia.<\/span><\/p>\n<p style=\"text-align: justify;\">\n","protected":false},"excerpt":{"rendered":"<p>***Los Puntos de Apoyo Pedag\u00f3gico de Formaci\u00f3n y Autoformaci\u00f3n Productiva son\u00a0espacios para el encuentro pedag\u00f3gico con las y los participantes de los diferentes programas de formaci\u00f3n del Inces, los cuales se implementan a partir de la pandemia por COVID-19<\/p>\n","protected":false},"author":4,"featured_media":37513,"comment_status":"closed","ping_status":"closed","sticky":false,"template":"","format":"standard","meta":{"footnotes":""},"categories":[2],"tags":[139,141],"class_list":["post-37511","post","type-post","status-publish","format-standard","has-post-thumbnail","hentry","category-blog","tag-bachilleratoproductivo","tag-deltaamacuro"],"_links":{"self":[{"href":"https:\/\/inces.gob.ve\/index.php\/wp-json\/wp\/v2\/posts\/37511","targetHints":{"allow":["GET"]}}],"collection":[{"href":"https:\/\/inces.gob.ve\/index.php\/wp-json\/wp\/v2\/posts"}],"about":[{"href":"https:\/\/inces.gob.ve\/index.php\/wp-json\/wp\/v2\/types\/post"}],"author":[{"embeddable":true,"href":"https:\/\/inces.gob.ve\/index.php\/wp-json\/wp\/v2\/users\/4"}],"replies":[{"embeddable":true,"href":"https:\/\/inces.gob.ve\/index.php\/wp-json\/wp\/v2\/comments?post=37511"}],"version-history":[{"count":3,"href":"https:\/\/inces.gob.ve\/index.php\/wp-json\/wp\/v2\/posts\/37511\/revisions"}],"predecessor-version":[{"id":37826,"href":"https:\/\/inces.gob.ve\/index.php\/wp-json\/wp\/v2\/posts\/37511\/revisions\/37826"}],"wp:featuredmedia":[{"embeddable":true,"href":"https:\/\/inces.gob.ve\/index.php\/wp-json\/wp\/v2\/media\/37513"}],"wp:attachment":[{"href":"https:\/\/inces.gob.ve\/index.php\/wp-json\/wp\/v2\/media?parent=37511"}],"wp:term":[{"taxonomy":"category","embeddable":true,"href":"https:\/\/inces.gob.ve\/index.php\/wp-json\/wp\/v2\/categories?post=37511"},{"taxonomy":"post_tag","embeddable":true,"href":"https:\/\/inces.gob.ve\/index.php\/wp-json\/wp\/v2\/tags?post=37511"}],"curies":[{"name":"wp","href":"https:\/\/api.w.org\/{rel}","templated":true}]}}