{"id":37524,"date":"2021-03-15T12:29:08","date_gmt":"2021-03-15T16:29:08","guid":{"rendered":"https:\/\/inces.gob.ve\/?p=37524"},"modified":"2021-03-15T12:29:08","modified_gmt":"2021-03-15T16:29:08","slug":"merida-protector-merideno-presenta-balance-de-la-fuerza-tarea-dr-j-g-hernandez","status":"publish","type":"post","link":"https:\/\/inces.gob.ve\/index.php\/2021\/03\/15\/merida-protector-merideno-presenta-balance-de-la-fuerza-tarea-dr-j-g-hernandez\/","title":{"rendered":"M\u00c9RIDA | Protector meride\u00f1o presenta balance de la Fuerza Tarea Dr. J. G. Hern\u00e1ndez"},"content":{"rendered":"<p class=\"western\" lang=\"en-US\" style=\"text-align: justify;\"><span style=\"font-family: Arial, sans-serif; font-size: 14pt;\"><span lang=\"es-VE\"><i><strong>** El Inces M\u00e9rida comprometido con la fuerza de tarea especial \u00abJos\u00e9 Gregorio Hern\u00e1ndez\u00bb busca el rescate, mantenimiento y reparaci\u00f3n del IAHULA<\/strong> <\/i><\/span><\/span><!--more--><\/p>\n<p class=\"western\" lang=\"en-US\" style=\"text-align: justify;\"><strong><span style=\"font-family: Arial, sans-serif; font-size: 14pt;\"><span lang=\"es-VE\">NADIA LOBO<\/span><\/span><\/strong><\/p>\n<p class=\"western\" lang=\"en-US\" style=\"text-align: justify;\"><span style=\"font-family: Arial, sans-serif; font-size: 14pt;\"><span lang=\"es-VE\">A 30 d\u00edas del inicio del abordaje intensivo en el Instituto Aut\u00f3nomo Hospital Universitario de los Andes (IAHULA), ubicado en la ciudad de M\u00e9rida, a trav\u00e9s de la fuerza de Tarea Especial Dr. Jos\u00e9 Gregorio Hern\u00e1ndez, el protector de esta entidad, Jehyson Guzm\u00e1n, present\u00f3 un balance positivo sobre los primeros efectos e impactos en los servicios del principal centro de salud.<\/span><\/span><\/p>\n<p lang=\"en-US\">\n<p class=\"western\" lang=\"en-US\" style=\"text-align: justify;\"><span style=\"font-family: Arial, sans-serif; font-size: 14pt;\"><span lang=\"es-VE\">Indic\u00f3 que cumpliendo con las orientaciones del gobierno revolucionario del presidente Nicol\u00e1s Maduro, un total de 150 personas adscritas a diferentes instituciones y organismos del Estado, quienes han unificado esfuerzos con un solo objetivo, realizar trabajos de mantenimiento y reparaci\u00f3n en las instalaciones del IAHULA como hospital centinela.<\/span><\/span><\/p>\n<p lang=\"en-US\">\n<p class=\"western\" lang=\"en-US\" style=\"text-align: justify;\"><span style=\"color: #14171a; font-size: 14pt;\"><span style=\"font-family: Arial, sans-serif;\"><span lang=\"es-VE\">Explic\u00f3 que entre los trabajo realizados se destaca lo siguiente: reparaci\u00f3n de ventiladores mec\u00e1nicos pulmonar y ventiladores multipar\u00e1metros para \u00e1rea UCI y Covid-19; reparaci\u00f3n de ventiladores neonatales; mantenimiento de m\u00e1quina de anestesia del quir\u00f3fano N\u00b0 001; As\u00ed como instalaci\u00f3n de l\u00edneas de CANTV, y puntos para Televisi\u00f3n por cable, y acceso a banda ancha de ABA.<\/span><\/span><\/span><\/p>\n<p lang=\"en-US\">\n<p class=\"western\" lang=\"en-US\" style=\"text-align: justify;\"><span style=\"color: #14171a; font-size: 14pt;\"><span style=\"font-family: Arial, sans-serif;\"><span lang=\"es-VE\">Tambi\u00e9n se han realizado saneamiento ambiental y recolecci\u00f3n de desechos de material vegetal, org\u00e1nicos y escombros. As\u00ed como la rehabilitaci\u00f3n del sistema de agua de alta presi\u00f3n en la sala de bombas, entre otras reparaciones significativas en \u00e1reas internas y externas del hospital.<\/span><\/span><\/span><\/p>\n<p lang=\"en-US\">\n<p class=\"western\" lang=\"en-US\" style=\"text-align: justify;\"><span style=\"font-family: Arial, sans-serif; font-size: 14pt;\"><span lang=\"es-VE\">Por su parte, el gerente regional del Inces, Geldrith Roca, detall\u00f3 que desde el 04 de febrero del a\u00f1o 2021 nos incorporamos en la fuerza de tarea, donde se despleg\u00f3 equipo t\u00e9cnico y humano sum\u00e1ndose a los trabajos de mantenimiento, limpieza, desmalezamiento y reparaci\u00f3n de \u00e1reas internas del principal hospital de los meride\u00f1os, cumpliendo as\u00ed, las orientaciones del presidente de la instituci\u00f3n, Wuikelman Angel Paredes.<\/span><\/span><\/p>\n<p lang=\"en-US\">\n<p class=\"western\" lang=\"en-US\" style=\"text-align: justify;\"><span style=\"font-size: 14pt;\"><span style=\"color: #14171a;\">\u201c<\/span><span style=\"color: #14171a;\"><span style=\"font-family: Arial, sans-serif;\"><span lang=\"es-VE\">Gracias al equipo de trabajo entre la Divisi\u00f3n de Mantenimiento del Inces y en coordinaci\u00f3n con el resto de las instituciones, logramos el arreglo de puertas, el mantenimiento y sustituci\u00f3n de l\u00e1mparas en la Unidad de Cuidados Intensivos (UCI); adem\u00e1s de la sustituci\u00f3n de perillas de puertas y tomas corrientes. As\u00ed mismo se reemplazaron 69 bombillos, habilitando as\u00ed dos habitaciones para hospitalizaci\u00f3n. Tambi\u00e9n se ha realizado cambi\u00f3 en las llaves de grifer\u00edas, y se aplicaron t\u00e9cnicas para el drenaje del lavadero de materiales remanentes, entre otras reparaciones\u201d. Se\u00f1al\u00f3 Roca.<\/span><\/span><\/span><\/span><\/p>\n","protected":false},"excerpt":{"rendered":"<p>** El Inces M\u00e9rida comprometido con la fuerza de tarea especial \u00abJos\u00e9 Gregorio Hern\u00e1ndez\u00bb busca el rescate, mantenimiento y reparaci\u00f3n del IAHULA<\/p>\n","protected":false},"author":4,"featured_media":37525,"comment_status":"closed","ping_status":"closed","sticky":false,"template":"","format":"standard","meta":{"footnotes":""},"categories":[2],"tags":[277,276,74],"class_list":["post-37524","post","type-post","status-publish","format-standard","has-post-thumbnail","hentry","category-blog","tag-drjosegregoriohernandez","tag-fuerzadetrabajoespecial","tag-merida"],"_links":{"self":[{"href":"https:\/\/inces.gob.ve\/index.php\/wp-json\/wp\/v2\/posts\/37524","targetHints":{"allow":["GET"]}}],"collection":[{"href":"https:\/\/inces.gob.ve\/index.php\/wp-json\/wp\/v2\/posts"}],"about":[{"href":"https:\/\/inces.gob.ve\/index.php\/wp-json\/wp\/v2\/types\/post"}],"author":[{"embeddable":true,"href":"https:\/\/inces.gob.ve\/index.php\/wp-json\/wp\/v2\/users\/4"}],"replies":[{"embeddable":true,"href":"https:\/\/inces.gob.ve\/index.php\/wp-json\/wp\/v2\/comments?post=37524"}],"version-history":[{"count":1,"href":"https:\/\/inces.gob.ve\/index.php\/wp-json\/wp\/v2\/posts\/37524\/revisions"}],"predecessor-version":[{"id":37526,"href":"https:\/\/inces.gob.ve\/index.php\/wp-json\/wp\/v2\/posts\/37524\/revisions\/37526"}],"wp:featuredmedia":[{"embeddable":true,"href":"https:\/\/inces.gob.ve\/index.php\/wp-json\/wp\/v2\/media\/37525"}],"wp:attachment":[{"href":"https:\/\/inces.gob.ve\/index.php\/wp-json\/wp\/v2\/media?parent=37524"}],"wp:term":[{"taxonomy":"category","embeddable":true,"href":"https:\/\/inces.gob.ve\/index.php\/wp-json\/wp\/v2\/categories?post=37524"},{"taxonomy":"post_tag","embeddable":true,"href":"https:\/\/inces.gob.ve\/index.php\/wp-json\/wp\/v2\/tags?post=37524"}],"curies":[{"name":"wp","href":"https:\/\/api.w.org\/{rel}","templated":true}]}}