{"id":37536,"date":"2021-03-16T09:48:26","date_gmt":"2021-03-16T13:48:26","guid":{"rendered":"https:\/\/inces.gob.ve\/?p=37536"},"modified":"2021-03-16T09:49:12","modified_gmt":"2021-03-16T13:49:12","slug":"aragua-se-realizan-mesas-de-trabajo-para-socializar-lineas-de-accion-inces-2021","status":"publish","type":"post","link":"https:\/\/inces.gob.ve\/index.php\/2021\/03\/16\/aragua-se-realizan-mesas-de-trabajo-para-socializar-lineas-de-accion-inces-2021\/","title":{"rendered":"ARAGUA | Se realizan mesas de trabajo para socializar l\u00edneas de acci\u00f3n Inces 2021"},"content":{"rendered":"<div id=\":bs\" class=\"a3s aiL \">\n<div dir=\"ltr\">\n<p lang=\"es-ES\" style=\"text-align: justify;\" align=\"center\"><em><span style=\"color: #050505; font-family: arial, helvetica, sans-serif; font-size: 14pt;\"><b><span style=\"color: #000000;\"><span lang=\"es-VE\">** Se analizan <\/span><\/span><span style=\"color: #000000;\"><span lang=\"es-VE\">las pol\u00edticas, planes, <\/span><\/span><span style=\"color: #000000;\"><span lang=\"es-VE\">modalidades<\/span><\/span><span style=\"color: #000000;\"><span lang=\"es-VE\"> y logros del Inces, <\/span><\/span><span style=\"color: #000000;\"><span lang=\"es-VE\">impulsando <\/span><\/span><span style=\"color: #000000;\"><span lang=\"es-VE\">l<\/span><\/span><span style=\"color: #000000;\"><span lang=\"es-VE\">a creaci\u00f3n de <\/span><\/span><span style=\"color: #000000;\"><span lang=\"es-VE\">enlaces<\/span><\/span><span style=\"color: #000000;\"><span lang=\"es-VE\"> con entes p\u00fablicos y privados que apoyen la gesti\u00f3n de la instituci\u00f3n<\/span><\/span><\/b><\/span><\/em><\/p>\n<\/div>\n<\/div>\n<p><!--more--><\/p>\n<div id=\":bs\" class=\"a3s aiL \">\n<div dir=\"ltr\">\n<p style=\"text-align: justify;\" align=\"justify\"><span style=\"color: #050505; font-family: arial, helvetica, sans-serif; font-size: 14pt;\"><b>NINOSKA PATRIZ<br \/>\n<\/b><\/span><\/p>\n<p style=\"text-align: justify;\" align=\"justify\"><span style=\"color: #050505; font-family: arial, helvetica, sans-serif; font-size: 14pt;\">Siendo la mayor fuente de producci\u00f3n de productores de la regi\u00f3n, el Inces se mantiene en mesas de trabajo presenciales y a distancia, para discutir l\u00edneas de acci\u00f3n 2021: <b><span lang=\"es-VE\">Formaci\u00f3n T\u00e9cnica Profesional como pol\u00edtica p\u00fablica, <\/span><span lang=\"es-VE\">planes de formaci\u00f3n y proyectos productivos; <\/span><\/b>en tal sentido, las jornada se enfoc\u00f3 en el an\u00e1lisis del impulso de la formaci\u00f3n t\u00e9cnica profesional desde el teletrabajo y las diversas opciones de modalidad de estudio. <\/span><\/p>\n<\/div>\n<p style=\"text-align: justify;\" align=\"justify\"><span style=\"font-family: arial, helvetica, sans-serif; font-size: 14pt;\">Por ello, se inst\u00f3 a la revisi\u00f3n de la matriz program\u00e1tica por cada centro de formaci\u00f3n socialista (CFS) Inces. De acuerdo con esto, el ingeniero Oliver Medina, nuevo gerente del Inces Aragua, enfatiz\u00f3: \u00abCada CFS debe tener m\u00ednimo un plan productivo con su respectiva cadena descrita\u00bb. Y a\u00f1adi\u00f3: \u00abLas formaciones que se deriven de los mismos son de vital importancia, al igual que los \u00e1mbitos y sujetos en quienes se desarrollar\u00e1n\u00bb.<\/span><\/p>\n<div dir=\"ltr\">\n<p style=\"text-align: justify;\" align=\"justify\"><span style=\"font-family: arial, helvetica, sans-serif; font-size: 14pt;\">Tambi\u00e9n recalc\u00f3 que: \u00abNuestra misi\u00f3n es formar a los j\u00f3venes de los liceos con la finalidad de conformar brigadas de mantenimiento escolar, habitantes de las comunas, mujeres trabajadores y trabajadoras para que formen parte del plan especial de atenci\u00f3n de los servicios b\u00e1sicos estrat\u00e9gicos (Agua, Luz, Gas, Transporte, Educaci\u00f3n, Salud y Telecomunicaciones). Para ello debemos articular con los hombres y mujeres trabajadores de las instituciones en alianza estrat\u00e9gica para conformar brigadas juveniles de formadores y de mantenimiento comunitario, todo esto en el marco del plan especial Batalla de Carabobo 200\u00bb.<\/span><\/p>\n<p style=\"text-align: justify;\" align=\"justify\"><span style=\"font-family: arial, helvetica, sans-serif; font-size: 14pt;\">Al respecto cabe resaltar que para ello el Inces cuenta con 262 opciones formativas que impartir\u00e1 y 7 programas, como el Inces Militar, Programa Luisa C\u00e1ceres de Arismendi, Formaci\u00f3n Entidad de Trabajo, Acreditaci\u00f3n de Saberes Productivos, Formaci\u00f3n Productiva, el Programa Nacional de Aprendizaje y por supuesto el Programa de Bachillerato Productivo.<\/span><\/p>\n<p style=\"text-align: justify;\" align=\"justify\"><span style=\"color: #000000; font-family: arial, helvetica, sans-serif; font-size: 14pt;\">\u201cAsumimos la responsabilidad de socializar los lineamientos que nos conducir\u00e1n hacia el establecimiento de sistema transversal para el beneficio de todo el sistema educativo en Venezuela desde una plataforma de modalidad mixta. En este aspecto, vale resaltar que la salud y su resguardo es lo primordial. Y tales medidas nos ayudan a combatir las cadenas de contagio contra el COVID-19\u201d, expres\u00f3 la licenciada Sor\u00e1ngel Blanco, nueva jefa de la Unidad Educativa Inces Regi\u00f3n Aragua.\u00a0\u00a0<\/span><\/p>\n<\/div>\n<\/div>\n<p>&nbsp;<\/p>\n","protected":false},"excerpt":{"rendered":"<p>** Se analizan las pol\u00edticas, planes, modalidades y logros del Inces, impulsando la creaci\u00f3n de enlaces con entes p\u00fablicos y privados que apoyen la gesti\u00f3n de la instituci\u00f3n<\/p>\n","protected":false},"author":4,"featured_media":37537,"comment_status":"closed","ping_status":"closed","sticky":false,"template":"","format":"standard","meta":{"footnotes":""},"categories":[2],"tags":[86,309],"class_list":["post-37536","post","type-post","status-publish","format-standard","has-post-thumbnail","hentry","category-blog","tag-aragua","tag-planbatalladecaraboboinces"],"_links":{"self":[{"href":"https:\/\/inces.gob.ve\/index.php\/wp-json\/wp\/v2\/posts\/37536","targetHints":{"allow":["GET"]}}],"collection":[{"href":"https:\/\/inces.gob.ve\/index.php\/wp-json\/wp\/v2\/posts"}],"about":[{"href":"https:\/\/inces.gob.ve\/index.php\/wp-json\/wp\/v2\/types\/post"}],"author":[{"embeddable":true,"href":"https:\/\/inces.gob.ve\/index.php\/wp-json\/wp\/v2\/users\/4"}],"replies":[{"embeddable":true,"href":"https:\/\/inces.gob.ve\/index.php\/wp-json\/wp\/v2\/comments?post=37536"}],"version-history":[{"count":2,"href":"https:\/\/inces.gob.ve\/index.php\/wp-json\/wp\/v2\/posts\/37536\/revisions"}],"predecessor-version":[{"id":37539,"href":"https:\/\/inces.gob.ve\/index.php\/wp-json\/wp\/v2\/posts\/37536\/revisions\/37539"}],"wp:featuredmedia":[{"embeddable":true,"href":"https:\/\/inces.gob.ve\/index.php\/wp-json\/wp\/v2\/media\/37537"}],"wp:attachment":[{"href":"https:\/\/inces.gob.ve\/index.php\/wp-json\/wp\/v2\/media?parent=37536"}],"wp:term":[{"taxonomy":"category","embeddable":true,"href":"https:\/\/inces.gob.ve\/index.php\/wp-json\/wp\/v2\/categories?post=37536"},{"taxonomy":"post_tag","embeddable":true,"href":"https:\/\/inces.gob.ve\/index.php\/wp-json\/wp\/v2\/tags?post=37536"}],"curies":[{"name":"wp","href":"https:\/\/api.w.org\/{rel}","templated":true}]}}