{"id":37565,"date":"2021-03-18T14:08:49","date_gmt":"2021-03-18T18:08:49","guid":{"rendered":"https:\/\/inces.gob.ve\/?p=37565"},"modified":"2021-04-07T09:03:02","modified_gmt":"2021-04-07T13:03:02","slug":"barinas-planificacion-conjunta-para-la-formacion-y-certificacion-de-ocupaciones-productivas-para-mujeres","status":"publish","type":"post","link":"https:\/\/inces.gob.ve\/index.php\/2021\/03\/18\/barinas-planificacion-conjunta-para-la-formacion-y-certificacion-de-ocupaciones-productivas-para-mujeres\/","title":{"rendered":"BARINAS* | Planificaci\u00f3n conjunta para la formaci\u00f3n y certificaci\u00f3n de ocupaciones productivas para mujeres"},"content":{"rendered":"<p style=\"text-align: justify;\"><strong><em>***El Inces cuenta con el Programa Mujeres Productivas y el Programa de Certificaci\u00f3n Ocupacional de Saberes, a fin de dar respuesta a las necesidades de formaci\u00f3n, reconocimiento de saberes emp\u00edricos en una ocupaci\u00f3n productiva\u00a0 y el desarrollo de emprendimiento de mujeres <\/em><\/strong><!--more--><\/p>\n<p style=\"text-align: justify;\">LORENA ALMARZA<\/p>\n<p style=\"text-align: justify;\"><strong>Equipo Regional del Inces se re\u00fane con el Instituto de la Mujer en el municipio Alberto Arvelo Torrealba,<\/strong> con el fin de <strong>coordinar acciones para abordar las <a href=\"https:\/\/www.instagram.com\/p\/CMKcxhSg8wQ\/?utm_source=ig_web_copy_link\">necesidades de formaci\u00f3n y la certificaci\u00f3n de saberes y ocupaciones productivas<\/a><\/strong> desarrolladas por mujeres del municipio, a fin de promover la adquisici\u00f3n de habilidades y destrezas, reconocer oficios e impulsar la inclusi\u00f3n en el aparato productivo del pa\u00eds.<\/p>\n<p style=\"text-align: justify;\">\n","protected":false},"excerpt":{"rendered":"<p>***El Inces cuenta con el Programa Mujeres Productivas y el Programa de Certificaci\u00f3n Ocupacional de Saberes, a fin de dar respuesta a las necesidades de formaci\u00f3n, reconocimiento de saberes emp\u00edricos en una ocupaci\u00f3n productiva\u00a0 y el desarrollo de emprendimiento de mujeres<\/p>\n","protected":false},"author":4,"featured_media":37566,"comment_status":"closed","ping_status":"closed","sticky":false,"template":"","format":"standard","meta":{"footnotes":""},"categories":[2],"tags":[151],"class_list":["post-37565","post","type-post","status-publish","format-standard","has-post-thumbnail","hentry","category-blog","tag-barinas"],"_links":{"self":[{"href":"https:\/\/inces.gob.ve\/index.php\/wp-json\/wp\/v2\/posts\/37565","targetHints":{"allow":["GET"]}}],"collection":[{"href":"https:\/\/inces.gob.ve\/index.php\/wp-json\/wp\/v2\/posts"}],"about":[{"href":"https:\/\/inces.gob.ve\/index.php\/wp-json\/wp\/v2\/types\/post"}],"author":[{"embeddable":true,"href":"https:\/\/inces.gob.ve\/index.php\/wp-json\/wp\/v2\/users\/4"}],"replies":[{"embeddable":true,"href":"https:\/\/inces.gob.ve\/index.php\/wp-json\/wp\/v2\/comments?post=37565"}],"version-history":[{"count":2,"href":"https:\/\/inces.gob.ve\/index.php\/wp-json\/wp\/v2\/posts\/37565\/revisions"}],"predecessor-version":[{"id":37827,"href":"https:\/\/inces.gob.ve\/index.php\/wp-json\/wp\/v2\/posts\/37565\/revisions\/37827"}],"wp:featuredmedia":[{"embeddable":true,"href":"https:\/\/inces.gob.ve\/index.php\/wp-json\/wp\/v2\/media\/37566"}],"wp:attachment":[{"href":"https:\/\/inces.gob.ve\/index.php\/wp-json\/wp\/v2\/media?parent=37565"}],"wp:term":[{"taxonomy":"category","embeddable":true,"href":"https:\/\/inces.gob.ve\/index.php\/wp-json\/wp\/v2\/categories?post=37565"},{"taxonomy":"post_tag","embeddable":true,"href":"https:\/\/inces.gob.ve\/index.php\/wp-json\/wp\/v2\/tags?post=37565"}],"curies":[{"name":"wp","href":"https:\/\/api.w.org\/{rel}","templated":true}]}}