{"id":37635,"date":"2021-03-18T08:35:52","date_gmt":"2021-03-18T12:35:52","guid":{"rendered":"https:\/\/inces.gob.ve\/?p=37635"},"modified":"2021-03-23T14:39:11","modified_gmt":"2021-03-23T18:39:11","slug":"el-maestro-de-america-luis-beltran-prieto-figueroa","status":"publish","type":"post","link":"https:\/\/inces.gob.ve\/index.php\/2021\/03\/18\/el-maestro-de-america-luis-beltran-prieto-figueroa\/","title":{"rendered":"El Maestro de Am\u00e9rica: Luis Beltr\u00e1n Prieto Figueroa"},"content":{"rendered":"<p align=\"justify\"><span style=\"font-family: arial, helvetica, sans-serif; font-size: 14pt;\"><i><b>** \u00bb Hay hombres que luchan un d\u00eda y son buenos, hay otros que luchan un a\u00f1o y son mejores, hay quienes luchan muchos a\u00f1os y son muy buenos, pero hay quienes luchan toda la vida esos son Imprescindibles\u00bb Bertolt Brecht <\/b><\/i><\/span><!--more--><\/p>\n<p align=\"justify\"><span style=\"font-family: arial, helvetica, sans-serif; font-size: 14pt;\"><b>ARJHELYS BOL<\/b><b>\u00cd<\/b><b>VAR <\/b><b>(Pasante)<\/b><\/span><\/p>\n<p align=\"justify\"><span style=\"font-family: arial, helvetica, sans-serif; font-size: 14pt;\">Radio Miraflores, \u00a1La Voz de la verdad!, 95.9 FM, present\u00f3 en Somos Inces Radio, su programa Educativo para la formaci\u00f3n de la Juventud, un homenaje a la vida, obra y legado del Maestro Luis Beltr\u00e1n Prieto Figueroa, recordando que este martes 16 de marzo del 2021, la Asamblea Nacional aprob\u00f3 el proyecto de acuerdo 119\u00ba del aniversario de su nacimiento, teniendo en cuenta que el diputado de la Asamblea Nacional Gilberto Jim\u00e9nez manifest\u00f3 que los valores de Beltr\u00e1n Figueroa fueron fundamentales en su formaci\u00f3n como hombre, con su bondad , generosidad , compasi\u00f3n y el amor por la justicia y por servir a los dem\u00e1s.<\/span><\/p>\n<p align=\"justify\"><span style=\"font-family: arial, helvetica, sans-serif; font-size: 14pt;\">Esta figura representativa en la educaci\u00f3n Venezolana, nace el 14 de Marzo de 1902 en la Asunci\u00f3n Nueva Esparta, un reci\u00e9n nacido del siglo XX donde Cipriano Castro era el presidente, con un sistema de revoluci\u00f3n liberal restauradora, hijo de Loreto Prieto Higuerey y Josefa Figueroa.<\/span><\/p>\n<p align=\"justify\"><span style=\"font-family: arial, helvetica, sans-serif; font-size: 14pt;\">En este mismo marco, Prieto Figueroa realiza los estudios primarios en la escuela Federal Francisco Esteban Nubes en 1918, e inici\u00f3 su secundaria en el colegio Federal hasta 1925, cuando se traslada a la ciudad de Caracas donde concluy\u00f3 sus estudios de secundaria en el liceo Caracas en 1927. En 1934 ingresa en la Universidad Central de Venezuela con el t\u00edtulo de Doctor en Ciencias Pol\u00edticas y sociales.<\/span><\/p>\n<p align=\"justify\"><span style=\"font-family: arial, helvetica, sans-serif; font-size: 14pt;\">El Maestro Prieto tuvo sus comienzos como educador, desde muy joven , teniendo tan solo 18 a\u00f1os de edad. Consagr\u00f3 su vida a la educaci\u00f3n, pero no solo a la educaci\u00f3n como elemento de Formaci\u00f3n did\u00e1ctica, si no como educaci\u00f3n como instrumento de transformaci\u00f3n de un pa\u00eds. Prieto Figueroa hizo de esa idea su pasi\u00f3n, con ella trato de transformar el pa\u00eds y de alguna manera hizo importantes logros, junto a la labor educativa que nunca dejo de ejercer en otras de sus grandes pasiones que fue la pol\u00edtica; donde ocupo altos cargos en la direcci\u00f3n de diferentes movimientos pol\u00edticos hasta crear el movimiento electoral del pueblo de cuya tesis es el autor y crea el primer partido socialista de Venezuela, El movimiento electoral del pueblo. Esto era parte de lo que hac\u00eda el Maestro Prieto.<\/span><\/p>\n<p align=\"justify\"><span style=\"font-family: arial, helvetica, sans-serif; font-size: 14pt;\">Adem\u00e1s, es importante resaltar que fue fundador de una nueva escuela, y en el a\u00f1o 1936 de la Federaci\u00f3n Venezolana de Maestros, cuya primera presidencia la ocupo, con esas ideas visionarias que plasm\u00f3 en libros y otros documentos.<\/span><\/p>\n<p align=\"justify\"><span style=\"font-family: arial, helvetica, sans-serif; font-size: 14pt;\">En este breve recorrido que forma parte de nuestra memoria, siempre buscaba darle vida a sus palabras, que ten\u00edan una l\u00f3gica para el razonamiento de la humanidad, Seg\u00fan Prieto. \u00abLa escuela debe parecerse a la sociedad que queremos , no a la sociedad que tenemos porque la sociedad que tenemos, hace que la escuela sea reproductiva, sea una escuela reaccionaria y se necesita una escuela revolucionaria, una escuela liberadora , por eso se necesita un desarrollo integral , que lo que se piense se est\u00e9 aplicando\u00bb. Es aprender haciendo, no se puede aprender lo que no se hace, claramente el maestro durante a\u00f1os lo demostr\u00f3 as\u00ed con sus acciones.<\/span><\/p>\n<p align=\"justify\">\n","protected":false},"excerpt":{"rendered":"<p>** \u00bb Hay hombres que luchan un d\u00eda y son buenos, hay otros que luchan un a\u00f1o y son mejores, hay quienes luchan muchos a\u00f1os y son muy buenos, pero hay quienes luchan toda la vida esos son Imprescindibles\u00bb Bertolt Brecht<\/p>\n","protected":false},"author":4,"featured_media":37506,"comment_status":"closed","ping_status":"closed","sticky":false,"template":"","format":"standard","meta":{"footnotes":""},"categories":[2],"tags":[],"class_list":["post-37635","post","type-post","status-publish","format-standard","has-post-thumbnail","hentry","category-blog"],"_links":{"self":[{"href":"https:\/\/inces.gob.ve\/index.php\/wp-json\/wp\/v2\/posts\/37635","targetHints":{"allow":["GET"]}}],"collection":[{"href":"https:\/\/inces.gob.ve\/index.php\/wp-json\/wp\/v2\/posts"}],"about":[{"href":"https:\/\/inces.gob.ve\/index.php\/wp-json\/wp\/v2\/types\/post"}],"author":[{"embeddable":true,"href":"https:\/\/inces.gob.ve\/index.php\/wp-json\/wp\/v2\/users\/4"}],"replies":[{"embeddable":true,"href":"https:\/\/inces.gob.ve\/index.php\/wp-json\/wp\/v2\/comments?post=37635"}],"version-history":[{"count":2,"href":"https:\/\/inces.gob.ve\/index.php\/wp-json\/wp\/v2\/posts\/37635\/revisions"}],"predecessor-version":[{"id":37637,"href":"https:\/\/inces.gob.ve\/index.php\/wp-json\/wp\/v2\/posts\/37635\/revisions\/37637"}],"wp:featuredmedia":[{"embeddable":true,"href":"https:\/\/inces.gob.ve\/index.php\/wp-json\/wp\/v2\/media\/37506"}],"wp:attachment":[{"href":"https:\/\/inces.gob.ve\/index.php\/wp-json\/wp\/v2\/media?parent=37635"}],"wp:term":[{"taxonomy":"category","embeddable":true,"href":"https:\/\/inces.gob.ve\/index.php\/wp-json\/wp\/v2\/categories?post=37635"},{"taxonomy":"post_tag","embeddable":true,"href":"https:\/\/inces.gob.ve\/index.php\/wp-json\/wp\/v2\/tags?post=37635"}],"curies":[{"name":"wp","href":"https:\/\/api.w.org\/{rel}","templated":true}]}}