{"id":37647,"date":"2021-03-24T03:30:06","date_gmt":"2021-03-24T07:30:06","guid":{"rendered":"https:\/\/inces.gob.ve\/?p=37647"},"modified":"2021-03-23T22:30:19","modified_gmt":"2021-03-24T02:30:19","slug":"trujillo-inces-acondiciona-espacios-para-patios-productivos","status":"publish","type":"post","link":"https:\/\/inces.gob.ve\/index.php\/2021\/03\/24\/trujillo-inces-acondiciona-espacios-para-patios-productivos\/","title":{"rendered":"TRUJILLO | Inces acondiciona espacios para patios productivos"},"content":{"rendered":"<p style=\"text-align: justify;\"><em><strong><span style=\"font-family: arial, helvetica, sans-serif; font-size: 14pt;\">** El programa Agr\u00edcola apoya la actividad para darle formalidad y seriedad al procedimiento exigido a la educaci\u00f3n Media General<\/span><\/strong><\/em><!--more--><\/p>\n<p>&nbsp;<\/p>\n<p style=\"text-align: justify;\"><span style=\"font-family: arial, helvetica, sans-serif; font-size: 14pt;\"><strong>MAR\u00cdA CABRERA<\/strong><br \/>\n<\/span><\/p>\n<p style=\"text-align: justify;\"><span style=\"font-family: arial, helvetica, sans-serif; font-size: 14pt;\">El programa agr\u00edcola del Instituto Nacional de Capacitaci\u00f3n Educativa Socialista de Trujillo est\u00e1 apoyando a la Unidad Educativa del Inces para la apertura y organizaci\u00f3n de los patios productivos, actividad que se enmarca dentro del programa \u201cManos a la Siembra\u201d.<\/span><\/p>\n<p>&nbsp;<\/p>\n<p style=\"text-align: justify;\"><span style=\"font-family: arial, helvetica, sans-serif; font-size: 14pt;\">Elsa Gonz\u00e1lez es la seleccionada para dar estA formaci\u00f3n a los 13 participantes de la Unidad Educativa Inces-Trujillo, quienes est\u00e1n por culminar su 6to periodo en conjunto con\u00a0 Karen Becerra, quien administra la materia proyecto en el organismo, cumpliendo as\u00ed las exigencias del articulo 13 de la Ley Org\u00e1nica de Educaci\u00f3n.<\/span><\/p>\n<p>&nbsp;<\/p>\n<p style=\"text-align: justify;\"><span style=\"font-family: arial, helvetica, sans-serif; font-size: 14pt;\">Los participantes, quienes a su vez colaboran en la jornada del Plan Nacional de Mesas Sillas que se realiza en el liceo Bolivariano \u201cRafael Rangel\u201d, acataron las instrucciones precisas que la maestra Elsa Gonz\u00e1lez les suministr\u00f3 en el campo de manera que les facilitara el aprendizaje y la prontitud en acometer las tareas.<\/span><\/p>\n<p>&nbsp;<\/p>\n<p style=\"text-align: justify;\"><span style=\"font-family: arial, helvetica, sans-serif; font-size: 14pt;\">Estos patrios productivos se est\u00e1n acondicionando con material artesanal como arena, piedras y otros implementos que se encuentran en las instalaciones del liceo Bolivariano \u201cRafael Rangel\u201d para la construcci\u00f3n de los semilleros y canteros que servir\u00e1n para la pr\u00e1ctica de los participantes de la Unidad Educativa Inces-Trujillo.<\/span><\/p>\n<p>&nbsp;<\/p>\n<p style=\"text-align: justify;\"><span style=\"font-family: arial, helvetica, sans-serif; font-size: 14pt;\">\u00abEl programa Agr\u00edcola apoya la actividad para darle formalidad y seriedad al procedimiento exigido a la educaci\u00f3n Media General como la de Inces-Trujillo, lo que permite ofrecer un conocimiento pr\u00e1ctico y sencillo a los j\u00f3venes que egresar\u00e1n como bachilleres productivos\u00bb, dice Solimar Morillo.<\/span><\/p>\n<p>&nbsp;<\/p>\n<p style=\"text-align: justify;\"><span style=\"font-family: arial, helvetica, sans-serif; font-size: 14pt;\">Solimar Morillo es coordinadora de la Unidad Educativa Inces-Trujillo y recalca que la conexi\u00f3n con ambos programas es vital para el desarrollo normal en la formaci\u00f3n de los participantes, toda vez que egresaran con un oficio valioso dentro de la coyuntura pol\u00edtica y econ\u00f3mica internacional que atraviesa Venezuela.<\/span><\/p>\n<p>&nbsp;<\/p>\n<p style=\"text-align: justify;\"><span style=\"font-family: arial, helvetica, sans-serif; font-size: 14pt;\">\u00abLa idea es que aprendan, que vean que su tiempo vali\u00f3 la pena al haber seleccionado esta opci\u00f3n y que sirvan de multiplicadores para los que no han terminado sus estudios y tengan ese gusanito de continuar cultiv\u00e1ndose, pese a las situaciones adversas que como sociedad enfrentamos en estos \u00faltimos 5 a\u00f1os\u00bb, afirm\u00f3 Morillo.<\/span><\/p>\n","protected":false},"excerpt":{"rendered":"<p>** El programa Agr\u00edcola apoya la actividad para darle formalidad y seriedad al procedimiento exigido a la educaci\u00f3n Media General<\/p>\n","protected":false},"author":4,"featured_media":37648,"comment_status":"closed","ping_status":"closed","sticky":false,"template":"","format":"standard","meta":{"footnotes":""},"categories":[2],"tags":[312,78],"class_list":["post-37647","post","type-post","status-publish","format-standard","has-post-thumbnail","hentry","category-blog","tag-patiosproductivos","tag-trujillo"],"_links":{"self":[{"href":"https:\/\/inces.gob.ve\/index.php\/wp-json\/wp\/v2\/posts\/37647","targetHints":{"allow":["GET"]}}],"collection":[{"href":"https:\/\/inces.gob.ve\/index.php\/wp-json\/wp\/v2\/posts"}],"about":[{"href":"https:\/\/inces.gob.ve\/index.php\/wp-json\/wp\/v2\/types\/post"}],"author":[{"embeddable":true,"href":"https:\/\/inces.gob.ve\/index.php\/wp-json\/wp\/v2\/users\/4"}],"replies":[{"embeddable":true,"href":"https:\/\/inces.gob.ve\/index.php\/wp-json\/wp\/v2\/comments?post=37647"}],"version-history":[{"count":1,"href":"https:\/\/inces.gob.ve\/index.php\/wp-json\/wp\/v2\/posts\/37647\/revisions"}],"predecessor-version":[{"id":37649,"href":"https:\/\/inces.gob.ve\/index.php\/wp-json\/wp\/v2\/posts\/37647\/revisions\/37649"}],"wp:featuredmedia":[{"embeddable":true,"href":"https:\/\/inces.gob.ve\/index.php\/wp-json\/wp\/v2\/media\/37648"}],"wp:attachment":[{"href":"https:\/\/inces.gob.ve\/index.php\/wp-json\/wp\/v2\/media?parent=37647"}],"wp:term":[{"taxonomy":"category","embeddable":true,"href":"https:\/\/inces.gob.ve\/index.php\/wp-json\/wp\/v2\/categories?post=37647"},{"taxonomy":"post_tag","embeddable":true,"href":"https:\/\/inces.gob.ve\/index.php\/wp-json\/wp\/v2\/tags?post=37647"}],"curies":[{"name":"wp","href":"https:\/\/api.w.org\/{rel}","templated":true}]}}