{"id":37718,"date":"2021-03-31T10:52:11","date_gmt":"2021-03-31T14:52:11","guid":{"rendered":"https:\/\/inces.gob.ve\/?p=37718"},"modified":"2021-03-31T10:52:54","modified_gmt":"2021-03-31T14:52:54","slug":"el-51-del-talento-tecnico-en-venezuela-es-femenino","status":"publish","type":"post","link":"https:\/\/inces.gob.ve\/index.php\/2021\/03\/31\/el-51-del-talento-tecnico-en-venezuela-es-femenino\/","title":{"rendered":"EL 51% del talento t\u00e9cnico en Venezuela es femenino"},"content":{"rendered":"<p style=\"text-align: justify;\"><em><strong><span style=\"font-family: arial, helvetica, sans-serif; font-size: 14pt;\">** Transversalizar la formaci\u00f3n t\u00e9cnica profesional en el sistema educativa del pa\u00eds pasa por la necesidad de reconocer el aporte de la mujer en esta \u00e1rea productiva<\/span><\/strong><\/em><!--more--><\/p>\n<p style=\"text-align: justify;\"><strong><span style=\"font-family: arial, helvetica, sans-serif; font-size: 14pt;\">LONGINA TOVAR<\/span><\/strong><br \/>\n<span style=\"font-family: arial, helvetica, sans-serif; font-size: 14pt;\">Este martes se desarroll\u00f3 el conversatorio <em><strong>Mujeres en la formaci\u00f3n t\u00e9cnica profesional productiva,<\/strong> <\/em>encuentro virtual organizado por el Instituto Nacional de Capacitaci\u00f3n y Educaci\u00f3n Socialista (Inces). En la actividad intervino como <strong>ponente la viceministra de Desarrollo Productivo de la Mujer y economista pol\u00edtica, Lusmialit Perdomo,<\/strong> quien con cifras demostr\u00f3 que <strong>el talento t\u00e9cnico en Venezuela est\u00e1 representado por mujeres en un 51%.<\/strong><\/span><\/p>\n<p>&nbsp;<\/p>\n<p style=\"text-align: justify;\"><span style=\"font-family: arial, helvetica, sans-serif; font-size: 14pt;\">Perdomo inici\u00f3 su intervenci\u00f3n con una referencia al comandante <strong>Ch\u00e1vez<\/strong> y su pensamiento feminista, as\u00ed como la importancia que el lider le daba a la <strong>reinvindicaci\u00f3n y liberaci\u00f3n de la mujer venezolana.<\/strong><\/span><\/p>\n<p>&nbsp;<\/p>\n<p style=\"text-align: justify;\"><span style=\"font-family: arial, helvetica, sans-serif; font-size: 14pt;\">Con la visi\u00f3n de trabajar para transformar la realidad del pa\u00eds coment\u00f3 que, desde su experiencia, <strong>hoy los venezolanos se forman para hacer crecer a la patria, y no para formar parte de un sistema econ\u00f3mico perverso<\/strong> que deja de lado el factor humano y el crecimiento de la naci\u00f3n.<\/span><\/p>\n<p>&nbsp;<\/p>\n<p style=\"text-align: justify;\"><span style=\"font-family: arial, helvetica, sans-serif; font-size: 14pt;\">\u201cCuando hablamos de un nuevo modelo econ\u00f3mico socialista, nos preguntamos c\u00f3mo lo hacemos. En ese sentido <strong>la mujer venezolana<\/strong> tiene un papel fundamental, no por discriminaci\u00f3n positiva, sino porque ella <strong>representa m\u00e1s del 51% de la sociedad venezolana, lo que se traduce en t\u00e9rminos econ\u00f3micos en talento t\u00e9cnico<\/strong> y\/o profesional\u201d, argument\u00f3.<\/span><\/p>\n<p>&nbsp;<\/p>\n<p style=\"text-align: justify;\"><span style=\"font-family: arial, helvetica, sans-serif; font-size: 14pt;\">Por otra parte, puntualiz\u00f3 que actualmente se trabaja en dos l\u00edneas de acci\u00f3n, la primera, levantar los n\u00fameros que indiquen \u201cqui\u00e9nes somos, d\u00f3nde estamos, qu\u00e9 queremos hacer y con qu\u00e9 contamos; y la segunda es activar mecanismos de ayuda para las mujeres que ya forman parte de los diferentes sectores productivos del pa\u00eds.<\/span><\/p>\n<p>&nbsp;<\/p>\n<p>&nbsp;<\/p>\n<p style=\"text-align: justify;\"><span style=\"font-family: arial, helvetica, sans-serif; font-size: 14pt;\">Para finalizar, <strong>Perdomo invit\u00f3 al Inces a abrir un canal directo con el Ministerio del Poder Popular para la Mujer donde sea posible escuchar propuestas y coadyuvar acciones formativas y laborales<\/strong> que permitan \u201cemprender ideas y superar juntos el bloqueo econ\u00f3mico hasta el punto de hacernos inbloqueables\u201d.<\/span><\/p>\n<p>&nbsp;<\/p>\n<p style=\"text-align: justify;\"><strong><span style=\"font-family: arial, helvetica, sans-serif; font-size: 14pt;\">PARTICIPACI\u00d3N DE EDUCACI\u00d3N UNIVERSITARIA<\/span><\/strong><br \/>\n<span style=\"font-family: arial, helvetica, sans-serif; font-size: 14pt;\">Como invitado especial estuvo presente el Ministro del Poder Popular para la Educaci\u00f3n Universitaria, <strong>C\u00e9sar Trompiz<\/strong>, quien durante su intervenci\u00f3n expuso que este tipo de eventos \u201cnos permiten construir una serie de paradigmas, de principios, valores y metodolog\u00eda para <strong>avanzar en la construcci\u00f3n de una educaci\u00f3n t\u00e9cnica productiva que respalde el desarrollo de los motores productivos de la patria<\/strong> y la idea concreta de nuestro presidente, Nicol\u00e1s Maduro Moros, de elevar la calidad productiva de la naci\u00f3n\u201d.<\/span><\/p>\n<p>&nbsp;<\/p>\n<p style=\"text-align: justify;\"><strong><span style=\"font-family: arial, helvetica, sans-serif; font-size: 14pt;\">INSTITUCIONAL<\/span><\/strong><br \/>\n<span style=\"font-family: arial, helvetica, sans-serif; font-size: 14pt;\">Por su parte, <strong>el presidente del Inces, Wuikelman Angel<\/strong>, encargado de cerrar el conversatorio, manifest\u00f3 que \u201cpara nosotros es un orgullo que haya sido el comandante Ch\u00e1vez quien alz\u00f3 la bandera de la equidad de g\u00e9nero en nuestros pa\u00eds\u201d. Asimismo reconoci\u00f3 el peso, en la sociedad en venezolana, de siglos de patriarcado, pero que sin embargo, <strong>\u201cdesde el Inces, se est\u00e1 trabajando por cambiar ese paradigma y reconocer el rol protag\u00f3nico de la mujer\u201d.<\/strong><\/span><\/p>\n<p>&nbsp;<\/p>\n<p style=\"text-align: justify;\"><span style=\"font-family: arial, helvetica, sans-serif; font-size: 14pt;\">Tambi\u00e9n participaron el <strong>Director Estrat\u00e9gico de Inces, Guyen Soto<\/strong>, quien <strong>contextualiz\u00f3 el conversatorio como una acci\u00f3n que permite impulsar la creaci\u00f3n de un sistema de formaci\u00f3n t\u00e9cnica y profesional<\/strong>; el viceministro para la Educaci\u00f3n y el Trabajo para la Liberaci\u00f3n; Eduardo Blanco, la directora del Despacho de Comercio, Aura Zavarse y el viceministro de Formaci\u00f3n para la Agricultura Urbana, Kiriet G\u00f3mez<\/span><\/p>\n","protected":false},"excerpt":{"rendered":"<p>** Transversalizar la formaci\u00f3n t\u00e9cnica profesional en el sistema educativa del pa\u00eds pasa por la necesidad de reconocer el aporte de la mujer en esta \u00e1rea productiva<\/p>\n","protected":false},"author":4,"featured_media":37719,"comment_status":"closed","ping_status":"closed","sticky":false,"template":"","format":"standard","meta":{"footnotes":""},"categories":[2],"tags":[262],"class_list":["post-37718","post","type-post","status-publish","format-standard","has-post-thumbnail","hentry","category-blog","tag-politicapublica"],"_links":{"self":[{"href":"https:\/\/inces.gob.ve\/index.php\/wp-json\/wp\/v2\/posts\/37718","targetHints":{"allow":["GET"]}}],"collection":[{"href":"https:\/\/inces.gob.ve\/index.php\/wp-json\/wp\/v2\/posts"}],"about":[{"href":"https:\/\/inces.gob.ve\/index.php\/wp-json\/wp\/v2\/types\/post"}],"author":[{"embeddable":true,"href":"https:\/\/inces.gob.ve\/index.php\/wp-json\/wp\/v2\/users\/4"}],"replies":[{"embeddable":true,"href":"https:\/\/inces.gob.ve\/index.php\/wp-json\/wp\/v2\/comments?post=37718"}],"version-history":[{"count":1,"href":"https:\/\/inces.gob.ve\/index.php\/wp-json\/wp\/v2\/posts\/37718\/revisions"}],"predecessor-version":[{"id":37720,"href":"https:\/\/inces.gob.ve\/index.php\/wp-json\/wp\/v2\/posts\/37718\/revisions\/37720"}],"wp:featuredmedia":[{"embeddable":true,"href":"https:\/\/inces.gob.ve\/index.php\/wp-json\/wp\/v2\/media\/37719"}],"wp:attachment":[{"href":"https:\/\/inces.gob.ve\/index.php\/wp-json\/wp\/v2\/media?parent=37718"}],"wp:term":[{"taxonomy":"category","embeddable":true,"href":"https:\/\/inces.gob.ve\/index.php\/wp-json\/wp\/v2\/categories?post=37718"},{"taxonomy":"post_tag","embeddable":true,"href":"https:\/\/inces.gob.ve\/index.php\/wp-json\/wp\/v2\/tags?post=37718"}],"curies":[{"name":"wp","href":"https:\/\/api.w.org\/{rel}","templated":true}]}}