{"id":37795,"date":"2021-04-06T01:53:05","date_gmt":"2021-04-06T05:53:05","guid":{"rendered":"https:\/\/inces.gob.ve\/?p=37795"},"modified":"2021-04-06T21:05:55","modified_gmt":"2021-04-07T01:05:55","slug":"dia-internacional-del-deporte-para-el-desarrollo-y-la-paz","status":"publish","type":"post","link":"https:\/\/inces.gob.ve\/index.php\/2021\/04\/06\/dia-internacional-del-deporte-para-el-desarrollo-y-la-paz\/","title":{"rendered":"D\u00eda Internacional del Deporte para el Desarrollo y la Paz"},"content":{"rendered":"<p style=\"text-align: justify;\"><span style=\"font-size: 14pt;\"><em><strong>* * \u201cHoy celebramos el D\u00eda Internacional del Deporte para el Desarrollo y la Paz, que es un elemento importante para crear un ambiente de tolerancia, solidaridad, cooperaci\u00f3n, inclusi\u00f3n y salud en la sociedad\u201d<\/strong><\/em><!--more--><\/span><\/p>\n<p>&nbsp;<\/p>\n<p style=\"text-align: justify;\"><strong><span style=\"font-size: 14pt;\">PEDRO JES\u00daS VILLARAL &#8211; Pasante<\/span><\/strong><\/p>\n<p style=\"text-align: justify;\"><span style=\"font-size: 14pt;\">En 2013, las Naciones Unidas anunciaron el 6 de abril como el \u00abD\u00eda Internacional del Deporte para el Desarrollo y la Paz\u00bb . Esta fecha fue elegida para conmemorar los primeros Juegos Ol\u00edmpicos celebrados en Atenas, Grecia en 1896.<\/span><\/p>\n<p>&nbsp;<\/p>\n<p style=\"text-align: justify;\"><span style=\"font-size: 14pt;\">Cabe destacar que hoy en d\u00eda la ONU planea resaltar los valores del deporte para poner la campa\u00f1a del D\u00eda Internacional del Deporte en el centro de atenci\u00f3n, con el lema \u00abSolo juntos, jugaremos de nuevo\u00bb , campa\u00f1a que ser\u00e1 realizada a trav\u00e9s de una din\u00e1mica por redes sociales.<\/span><\/p>\n<p>&nbsp;<\/p>\n<p style=\"text-align: justify;\"><span style=\"font-size: 14pt;\">En otro orden de ideas, enfatiza que el deporte tiene el poder de cambiar el mundo, es en esta pandemia por COVID-19 que por limitaciones y restricciones surgen dificultades en la pr\u00e1ctica. Por ello es importante recalcar, que\u00a0 el deporte puede ayudar a mejorar la salud, superar a unos a otros y vencer la epidemia.<\/span><\/p>\n<p>&nbsp;<\/p>\n<p style=\"text-align: justify;\"><span style=\"font-size: 14pt;\">Por esta raz\u00f3n este d\u00eda tiene como objetivo concienciar a las personas sobre la importancia del deporte y la actividad f\u00edsica para la salud, la educaci\u00f3n, la tolerancia, la igualdad y el desarrollo sostenible. Teniendo como fundamentos los valores de justicia, equidad, trabajo en equipo, perseverancia e inclusi\u00f3n, pueden ayudar a todo el mundo a salir de esta crisis mundial.<\/span><\/p>\n","protected":false},"excerpt":{"rendered":"<p>* * \u201cHoy celebramos el D\u00eda Internacional del Deporte para el Desarrollo y la Paz, que es un elemento importante para crear un ambiente de tolerancia, solidaridad, cooperaci\u00f3n, inclusi\u00f3n y salud en la sociedad\u201d<\/p>\n","protected":false},"author":4,"featured_media":37796,"comment_status":"closed","ping_status":"closed","sticky":false,"template":"","format":"standard","meta":{"footnotes":""},"categories":[2],"tags":[144],"class_list":["post-37795","post","type-post","status-publish","format-standard","has-post-thumbnail","hentry","category-blog","tag-efemerides"],"_links":{"self":[{"href":"https:\/\/inces.gob.ve\/index.php\/wp-json\/wp\/v2\/posts\/37795","targetHints":{"allow":["GET"]}}],"collection":[{"href":"https:\/\/inces.gob.ve\/index.php\/wp-json\/wp\/v2\/posts"}],"about":[{"href":"https:\/\/inces.gob.ve\/index.php\/wp-json\/wp\/v2\/types\/post"}],"author":[{"embeddable":true,"href":"https:\/\/inces.gob.ve\/index.php\/wp-json\/wp\/v2\/users\/4"}],"replies":[{"embeddable":true,"href":"https:\/\/inces.gob.ve\/index.php\/wp-json\/wp\/v2\/comments?post=37795"}],"version-history":[{"count":1,"href":"https:\/\/inces.gob.ve\/index.php\/wp-json\/wp\/v2\/posts\/37795\/revisions"}],"predecessor-version":[{"id":37797,"href":"https:\/\/inces.gob.ve\/index.php\/wp-json\/wp\/v2\/posts\/37795\/revisions\/37797"}],"wp:featuredmedia":[{"embeddable":true,"href":"https:\/\/inces.gob.ve\/index.php\/wp-json\/wp\/v2\/media\/37796"}],"wp:attachment":[{"href":"https:\/\/inces.gob.ve\/index.php\/wp-json\/wp\/v2\/media?parent=37795"}],"wp:term":[{"taxonomy":"category","embeddable":true,"href":"https:\/\/inces.gob.ve\/index.php\/wp-json\/wp\/v2\/categories?post=37795"},{"taxonomy":"post_tag","embeddable":true,"href":"https:\/\/inces.gob.ve\/index.php\/wp-json\/wp\/v2\/tags?post=37795"}],"curies":[{"name":"wp","href":"https:\/\/api.w.org\/{rel}","templated":true}]}}