{"id":37856,"date":"2021-04-12T08:14:22","date_gmt":"2021-04-12T12:14:22","guid":{"rendered":"https:\/\/inces.gob.ve\/?p=37856"},"modified":"2021-04-12T08:14:22","modified_gmt":"2021-04-12T12:14:22","slug":"chavez-no-renuncio-el-grito-que-derrumbo-la-artimana-mediatica","status":"publish","type":"post","link":"https:\/\/inces.gob.ve\/index.php\/2021\/04\/12\/chavez-no-renuncio-el-grito-que-derrumbo-la-artimana-mediatica\/","title":{"rendered":"\u00a1CH\u00c1VEZ NO RENUNCI\u00d3! El grito que derrumb\u00f3 la artima\u00f1a medi\u00e1tica"},"content":{"rendered":"<p style=\"text-align: justify;\"><span style=\"font-size: 14pt;\"><em><strong>** Esos segundos transmitidos por la TV venezolana, en los que fugazmente se vio con vida a Hugo Ch\u00e1vez, sirvieron de base para que el pueblo tomara las calles ante la desinformaci\u00f3n y la necesidad de conocer las noticias reales<\/strong><\/em><!--more--><\/span><\/p>\n<p>&nbsp;<\/p>\n<p style=\"text-align: justify;\"><strong><span style=\"font-size: 14pt;\">MAR\u00cdA CABRERA | Trujillo<\/span><\/strong><\/p>\n<p style=\"text-align: justify;\"><span style=\"font-size: 14pt;\">Al grito de \u00a1Queremos a Ch\u00e1vez!, \u00a1Ch\u00e1vez no renunci\u00f3! la gente de los sectores populares de Caracas y del interior de la Rep\u00fablica exig\u00edan ese 12 de abril de 2002 que se les informara sobre la situaci\u00f3n real del depuesto presidente, Hugo Ch\u00e1vez Fr\u00edas.<\/span><\/p>\n<p>&nbsp;<\/p>\n<p style=\"text-align: justify;\"><span style=\"font-size: 14pt;\">Y es que toda Venezuela fue testigo de la llegada del Comandante Eterno a Fuerte Tiuna, quien se hab\u00eda trasladado hasta all\u00ed para dialogar con los militares golpistas reunidos en el recinto castrence. Ese momento fue transmitido y manipulado por los medios de comunicaci\u00f3n, como un acto de entrega y renuncia, que termin\u00f3 dejando varios muertos y heridos.<\/span><\/p>\n<p>&nbsp;<\/p>\n<p style=\"text-align: justify;\"><span style=\"font-size: 14pt;\">Esos segundos transmitidos por la televisi\u00f3n venezolana, en los que fugazmente se vio con vida al l\u00edder de la revoluci\u00f3n, sirvieron de base para que las protestas tomaran las calles ante la desinformaci\u00f3n y la negativa de los medios de transmitir noticias reales.<\/span><\/p>\n<p>&nbsp;<\/p>\n<p style=\"text-align: justify;\"><span style=\"font-size: 14pt;\">Fue as\u00ed como aument\u00f3 el deseo de conocer los hechos verdaderos, es decir, aquellos que explicaran la supuesta renuncia de Ch\u00e1vez, quien siempre hab\u00eda mostrado rectitud y responsabilidad con la sociedad venezolana. Mientras tanto los medios de comunicaci\u00f3n pretend\u00edan socavar su credibilidad a punta de mentiras y calumnias, cuando la realidad era que estaba secuestrado.<\/span><\/p>\n<p>&nbsp;<\/p>\n<p style=\"text-align: justify;\"><span style=\"font-size: 14pt;\">En tanto todo esto ocurr\u00eda, se preparaba el escenario para que el presidente de Fedec\u00e1maras, Pedro Carmona Estanga, fuese juramentado como presidente de facto por 47 horas, tiempo que tard\u00f3 el pueblo revolucionario en movilizarse y organizarse para retomar el hilo constitucional de la Naci\u00f3n, con el rescate del l\u00edder de la Revoluci\u00f3n Bolivariana.<\/span><\/p>\n<p>&nbsp;<\/p>\n<p style=\"text-align: justify;\"><span style=\"font-size: 14pt;\">Se dice que esta acci\u00f3n popular es \u00fanica, no solo en el continente, sino m\u00e1s all\u00e1 de sus fronteras, debido a las peculiaridades que rodearon estos sucesos de abril de 2002. Incluso, a 19 a\u00f1os de esa gesta, no hay registros pol\u00edtico mundial de este tipo.<\/span><\/p>\n<p>&nbsp;<\/p>\n<p style=\"text-align: justify;\"><span style=\"font-size: 14pt;\">Un punto a destacar es que a pesar de la manifiesta participaci\u00f3n de la Casa Blanca y de la oligarqu\u00eda nacional, la participaci\u00f3n de algunos periodistas internacionales contribuy\u00f3 para que las exigencias del pueblo venezolano fueran escuchadas.<\/span><\/p>\n<p>&nbsp;<\/p>\n<p style=\"text-align: justify;\"><span style=\"font-size: 14pt;\">Es preciso recordar que agencias internacionales de noticia se encontraban en el pa\u00eds, porque los sucesos que precedieron el movimiento golpista de abril estuvieron marcados por un periodo de inestabilidad pol\u00edtica, producto de una convocatoria a huelga general, gestada desde la oposici\u00f3n, en diciembre de 2001.<\/span><\/p>\n<p>&nbsp;<\/p>\n<p style=\"text-align: justify;\"><span style=\"font-size: 14pt;\">La participaci\u00f3n de televisoras extranjeras, en esa oportunidad, fue crucial, porque le permiti\u00f3 al televidente ver y escuchar a trav\u00e9s de la se\u00f1al de cable lo que realmente estaba ocurriendo en el pa\u00eds. Los medios nacionales de la oposici\u00f3n transmit\u00edan su programaci\u00f3n cotidiana y los que pod\u00edan dar raz\u00f3n de los acontecimientos que realmente se suscitaban estaban fuera del aire, estrategia previamente meditada por los gestores del secuestro.<\/span><\/p>\n<p>&nbsp;<\/p>\n<p style=\"text-align: justify;\"><span style=\"font-size: 14pt;\">Es a partir de all\u00ed que se perfila el regreso del presidente Hugo Ch\u00e1vez como la restituci\u00f3n del hilo democr\u00e1tico que se vio interrumpido por 47 horas, tiempo exacto que dur\u00f3 la dictadura de Pedro Carmona Estanga, mandato caracterizado por la abolici\u00f3n de los poderes p\u00fablicos, el cambio del nombre de Venezuela y el fin del convenio de cooperaci\u00f3n con Cuba.<\/span><\/p>\n","protected":false},"excerpt":{"rendered":"<p>** Esos segundos transmitidos por la TV venezolana, en los que fugazmente se vio con vida a Hugo Ch\u00e1vez, sirvieron de base para que el pueblo tomara las calles ante la desinformaci\u00f3n y la necesidad de conocer las noticias reales<\/p>\n","protected":false},"author":4,"featured_media":37857,"comment_status":"closed","ping_status":"closed","sticky":false,"template":"","format":"standard","meta":{"footnotes":""},"categories":[2],"tags":[144],"class_list":["post-37856","post","type-post","status-publish","format-standard","has-post-thumbnail","hentry","category-blog","tag-efemerides"],"_links":{"self":[{"href":"https:\/\/inces.gob.ve\/index.php\/wp-json\/wp\/v2\/posts\/37856","targetHints":{"allow":["GET"]}}],"collection":[{"href":"https:\/\/inces.gob.ve\/index.php\/wp-json\/wp\/v2\/posts"}],"about":[{"href":"https:\/\/inces.gob.ve\/index.php\/wp-json\/wp\/v2\/types\/post"}],"author":[{"embeddable":true,"href":"https:\/\/inces.gob.ve\/index.php\/wp-json\/wp\/v2\/users\/4"}],"replies":[{"embeddable":true,"href":"https:\/\/inces.gob.ve\/index.php\/wp-json\/wp\/v2\/comments?post=37856"}],"version-history":[{"count":1,"href":"https:\/\/inces.gob.ve\/index.php\/wp-json\/wp\/v2\/posts\/37856\/revisions"}],"predecessor-version":[{"id":37858,"href":"https:\/\/inces.gob.ve\/index.php\/wp-json\/wp\/v2\/posts\/37856\/revisions\/37858"}],"wp:featuredmedia":[{"embeddable":true,"href":"https:\/\/inces.gob.ve\/index.php\/wp-json\/wp\/v2\/media\/37857"}],"wp:attachment":[{"href":"https:\/\/inces.gob.ve\/index.php\/wp-json\/wp\/v2\/media?parent=37856"}],"wp:term":[{"taxonomy":"category","embeddable":true,"href":"https:\/\/inces.gob.ve\/index.php\/wp-json\/wp\/v2\/categories?post=37856"},{"taxonomy":"post_tag","embeddable":true,"href":"https:\/\/inces.gob.ve\/index.php\/wp-json\/wp\/v2\/tags?post=37856"}],"curies":[{"name":"wp","href":"https:\/\/api.w.org\/{rel}","templated":true}]}}