{"id":37878,"date":"2021-04-14T08:07:57","date_gmt":"2021-04-14T12:07:57","guid":{"rendered":"https:\/\/inces.gob.ve\/?p=37878"},"modified":"2021-04-14T08:07:57","modified_gmt":"2021-04-14T12:07:57","slug":"trujillo-763-participantes-registra-inces-trujillo","status":"publish","type":"post","link":"https:\/\/inces.gob.ve\/index.php\/2021\/04\/14\/trujillo-763-participantes-registra-inces-trujillo\/","title":{"rendered":"TRUJILLO  | 763 participantes registra Inces Trujillo"},"content":{"rendered":"<div id=\":ku\" class=\"a3s aiL msg-539040189446251699\">\n<div dir=\"ltr\">\n<div>\n<p style=\"text-align: justify;\" align=\"justify\"><em><strong><span style=\"font-size: 14pt;\">** Ang\u00e9lica Mor\u00f3n Aldana sostiene que la cifra puede tener un incremento durante este segundo trimestre, siempre y cuando cada uno de los encargados de los programas Turismo, Nuevo Modelo de Gesti\u00f3n, Agr\u00edcola e Industria y Construcci\u00f3n vigilen las normas de bioseguridad y uso de tapabocas<\/span><\/strong><\/em><\/p>\n<\/div>\n<\/div>\n<\/div>\n<p><!--more--><\/p>\n<p style=\"text-align: justify;\" align=\"justify\">\n<p align=\"justify\">\n<p align=\"justify\"><span style=\"font-size: 14pt;\"><strong>MAR\u00cdA CABRERA<\/strong><\/span><\/p>\n<div id=\":ku\" class=\"a3s aiL msg-539040189446251699\">\n<div dir=\"ltr\">\n<div>\n<p style=\"text-align: justify;\" align=\"justify\"><span style=\"font-size: 14pt;\">La Divisi\u00f3n de Formaci\u00f3n Profesional del Instituto Nacional de Capacitaci\u00f3n y Educaci\u00f3n Socialista de Trujillo informa de un registro total de 763 participantes v\u00eda on line en varios de los programas que el organismo tiene activos en este segundo trimestre del ejercicio fiscal 2021, caracterizado por la restricci\u00f3n p\u00fablica ante la aparici\u00f3n de la cepa brasilera.<\/span><\/p>\n<p align=\"justify\">\n<p style=\"text-align: justify;\" align=\"justify\"><span style=\"font-size: 14pt;\">Marcos Ortega, jefe de Formaci\u00f3n Profesional indica adem\u00e1s 763 personas est\u00e1n activas en las 15 formaciones que Inces-Trujillo mantiene en operatividad cuesti\u00f3n que considera relevante ante las medidas de bioseguridad que el gobierno nacional impuso debido al incrementos de casos nacionales de Covid-19.<\/span><\/p>\n<p align=\"justify\">\n<p style=\"text-align: justify;\" align=\"justify\"><span style=\"font-size: 14pt;\">Ortega en reuni\u00f3n con los jefes de los programas y la gerente regional, Ang\u00e9lica Mor\u00f3n explic\u00f3 que este registro se logr\u00f3 gracias a la decisi\u00f3n nacional de impulsar a las formaciones de los n\u00facleos del Inces a trav\u00e9s de los flayers que desde la Divisi\u00f3n General de Comunicaci\u00f3n se env\u00eda a cada uno de los n\u00facleos para el conocimiento p\u00fablico.<\/span><\/p>\n<p align=\"justify\">\n<p style=\"text-align: justify;\" align=\"justify\"><span style=\"font-size: 14pt;\">Por su parte, Ang\u00e9lica Mor\u00f3n explico que estos flayer cuyo dise\u00f1o es gen\u00e9rico contribuyen a que los interesados en los cursos que cuenten con un correo electr\u00f3nico, WhatsApp, y dem\u00e1s requerimientos solicitados por el organismo, puedan tener acceso a este tipo de aprendizaje que se efect\u00faa desde hace m\u00e1s de un a\u00f1o por las redes.<\/span><\/p>\n<p align=\"justify\">\n<p style=\"text-align: justify;\" align=\"justify\"><span style=\"font-size: 14pt;\">En la reuni\u00f3n tanto Ortega como Mor\u00f3n disgregaron las cifras cada uno de los programas activos: Turismo 335 personas; Nuevo Modelo de Gesti\u00f3n 175; Industria y Construcci\u00f3n 227 y Agr\u00edcola con 73 personas que suman la cifra 763 participantes que durante este segundo trimestre del 2021 est\u00e1n recibiendo formaci\u00f3n v\u00eda on line.<\/span><\/p>\n<p align=\"justify\">\n<p style=\"text-align: justify;\" align=\"justify\"><span style=\"font-size: 14pt;\">Ang\u00e9lica Mor\u00f3n indic\u00f3 a los presentes en la necesidad de cuidar esos n\u00fameros, porque, aunque existe la posibilidad de aumentarlos v\u00eda redes, es necesario vigilar el establecimiento de las medidas de bioseguridad y el uso del tapabocas para evitar focos infecciosos que lamentar.<\/span><\/p>\n<p align=\"justify\">\n<p style=\"text-align: justify;\" align=\"justify\"><span style=\"font-size: 14pt;\">\u00abEl Inces y sus maestros demostraron que podemos con esta responsabilidad que la pandemia nos ha impuesto, de hecho, el a\u00f1o 2020 fue un a\u00f1o de aprendizaje por lo que invito que de los errores que, cometidos, saquemos lo positivo, dado que esta metodolog\u00eda de ense\u00f1anza debe asumirse sin aspavientos, pero con la formalidad y el cuidado que los nuevos retos nos exigen\u00bb, dijo Ang\u00e9lica Mor\u00f3n.<\/span><\/p>\n<\/div>\n<\/div>\n<\/div>\n<p><!--more--><\/p>\n","protected":false},"excerpt":{"rendered":"<p>** Ang\u00e9lica Mor\u00f3n Aldana sostiene que la cifra puede tener un incremento durante este segundo trimestre, siempre y cuando cada uno de los encargados de los programas Turismo, Nuevo Modelo de Gesti\u00f3n, Agr\u00edcola e Industria y Construcci\u00f3n vigilen las normas de bioseguridad y uso de tapabocas<\/p>\n","protected":false},"author":4,"featured_media":37879,"comment_status":"closed","ping_status":"closed","sticky":false,"template":"","format":"standard","meta":{"footnotes":""},"categories":[2],"tags":[],"class_list":["post-37878","post","type-post","status-publish","format-standard","has-post-thumbnail","hentry","category-blog"],"_links":{"self":[{"href":"https:\/\/inces.gob.ve\/index.php\/wp-json\/wp\/v2\/posts\/37878","targetHints":{"allow":["GET"]}}],"collection":[{"href":"https:\/\/inces.gob.ve\/index.php\/wp-json\/wp\/v2\/posts"}],"about":[{"href":"https:\/\/inces.gob.ve\/index.php\/wp-json\/wp\/v2\/types\/post"}],"author":[{"embeddable":true,"href":"https:\/\/inces.gob.ve\/index.php\/wp-json\/wp\/v2\/users\/4"}],"replies":[{"embeddable":true,"href":"https:\/\/inces.gob.ve\/index.php\/wp-json\/wp\/v2\/comments?post=37878"}],"version-history":[{"count":1,"href":"https:\/\/inces.gob.ve\/index.php\/wp-json\/wp\/v2\/posts\/37878\/revisions"}],"predecessor-version":[{"id":37880,"href":"https:\/\/inces.gob.ve\/index.php\/wp-json\/wp\/v2\/posts\/37878\/revisions\/37880"}],"wp:featuredmedia":[{"embeddable":true,"href":"https:\/\/inces.gob.ve\/index.php\/wp-json\/wp\/v2\/media\/37879"}],"wp:attachment":[{"href":"https:\/\/inces.gob.ve\/index.php\/wp-json\/wp\/v2\/media?parent=37878"}],"wp:term":[{"taxonomy":"category","embeddable":true,"href":"https:\/\/inces.gob.ve\/index.php\/wp-json\/wp\/v2\/categories?post=37878"},{"taxonomy":"post_tag","embeddable":true,"href":"https:\/\/inces.gob.ve\/index.php\/wp-json\/wp\/v2\/tags?post=37878"}],"curies":[{"name":"wp","href":"https:\/\/api.w.org\/{rel}","templated":true}]}}