{"id":38052,"date":"2021-04-24T10:36:02","date_gmt":"2021-04-24T14:36:02","guid":{"rendered":"https:\/\/inces.gob.ve\/?p=38052"},"modified":"2021-04-24T10:36:57","modified_gmt":"2021-04-24T14:36:57","slug":"luis-beltran-prieto-figueroa-un-visionario-a-carta-cabal","status":"publish","type":"post","link":"https:\/\/inces.gob.ve\/index.php\/2021\/04\/24\/luis-beltran-prieto-figueroa-un-visionario-a-carta-cabal\/","title":{"rendered":"Luis Beltr\u00e1n Prieto Figueroa: un visionario a carta cabal"},"content":{"rendered":"<p align=\"justify\"><em><strong><span style=\"font-family: arial, helvetica, sans-serif; font-size: 14pt;\">** Parti\u00f3 aquel 23 de abril de 1993, a la edad de 91 a\u00f1os, nos parece que fue ayer, por la simple raz\u00f3n que su obra y recuerdo se mantienen intacto en la memoria de venezolanos, en especial, de los trabajadores y maestros Inces quienes dan fiel cumplimiento a la estrategia del \u201cFormar Produciendo, Producir Formando\u201d y consolidan la Formaci\u00f3n T\u00e9cnica Profesional como Pol\u00edtica P\u00fablica<\/span><\/strong><\/em><!--more--><\/p>\n<p align=\"justify\"><span style=\"font-size: 14pt;\"><strong>MAR\u00cdA CABRERA<\/strong><\/span><\/p>\n<p align=\"justify\"><span style=\"font-family: arial, helvetica, sans-serif; font-size: 14pt;\">No se exagera cuando se asegura que el maestro Luis Beltr\u00e1n Prieto Figueroa fue un visionario, un aut\u00e9ntico lider. Y es que la historia del \u201cMaestro de MaestroS\u201d resulta fascinante, ejemplarizante y motivadora. Quienes laboramos en el ahora Instituto Nacional de Capacitaci\u00f3n y Educaci\u00f3n Socialista (Inces) sentimos un profundo respeto por este hombre que vali\u00f3 lo que midi\u00f3, porque su espigada figura sorte\u00f3 muchas dificultades para llevar a cabo sus proyectos.<\/span><\/p>\n<p align=\"justify\">\n<p align=\"justify\"><span style=\"font-family: arial, helvetica, sans-serif; font-size: 14pt;\">Este venezolano, coautor de la Primera Ley de Educaci\u00f3n que data 1948, y creador de la tesis \u201cEl Estado docente\u201d fue un hombre preocupado por el bienestar de las mayor\u00edas empobrecidas y lo demuestra en esa conferencia que dictada en la escuela normal Miguel Antonio Caro, en agosto de 1946 cuando expresa en t\u00e9rminos claros y precisos:<\/span><\/p>\n<p align=\"justify\">\n<p align=\"justify\"><span style=\"font-family: arial, helvetica, sans-serif; font-size: 14pt;\">\u00ab<i>Todo Estado responsable y con autoridad real asume como funci\u00f3n suya la orientaci\u00f3n general de la educaci\u00f3n. Esa orientaci\u00f3n expresa su doctrina pol\u00edtica y en consecuencia, conforma la conciencia de los ciudadanos<\/i>\u00ab.<\/span><\/p>\n<p align=\"justify\">\n<p align=\"justify\"><span style=\"font-family: arial, helvetica, sans-serif; font-size: 14pt;\">Muchos dicen que esa tesis inspirada en el Estado Social, concepto del alem\u00e1n Hermann Heller, del pensamiento pol\u00edtico alem\u00e1n de la \u00e9poca, sirvi\u00f3 de base para ce\u00f1ir sus pasos pol\u00edticos y configurar instituciones como esta, que naci\u00f3 con el nombre original de Ince (Instituto Nacional de Cooperaci\u00f3n Educativa) cambiando su nombre con la llegada de la revoluci\u00f3n Bolivariana para adecuarlo a los nuevos tiempos.<\/span><\/p>\n<p align=\"justify\">\n<p align=\"justify\"><span style=\"font-family: arial, helvetica, sans-serif; font-size: 14pt;\">Precisamente, y basado en esa inquietud permanente que fue la raz\u00f3n del ser del \u201cMaestro de Am\u00e9rica\u201d se comenta que el gobierno del entonces presidente Hugo Ch\u00e1vez, consider\u00f3 necesario efectuar cambios profundizando en la misi\u00f3n y visi\u00f3n en el entendido que la juventud y las personas deb\u00edan responder a las realidades de una coyuntura mundial distinta a la 1959 cuando se fund\u00f3.<\/span><\/p>\n<p align=\"justify\">\n<p align=\"justify\"><span style=\"font-family: arial, helvetica, sans-serif; font-size: 14pt;\">Es decir, manteniendo la formaci\u00f3n y capacitaci\u00f3n de las mayor\u00edas con una Ley basada en las ideas de este insigne maestro, quien prob\u00f3 una educaci\u00f3n totalmente diferente para su \u00e9poca, con \u00e9nfasis en el trabajo, las capacidades y el oficio, pero que responda a las inquietudes de las obligaciones de la Venezuela del siglo XXI.<\/span><\/p>\n<p align=\"justify\">\n<p align=\"justify\"><span style=\"font-family: arial, helvetica, sans-serif; font-size: 14pt;\">Gracias a su legado hoy contamos, bajo su misma filosof\u00eda, con\u00a0 las Brigadas Productivas del Inces en el \u00e1rea de Textil, Industria, Panader\u00eda y otras que hacen vida activa en los distintos n\u00facleos del Inces en toda la geograf\u00eda nacional y que le ponen el pecho a la brisa resolviendo necesidades comunitarias en situaciones puntuales como la del paro el\u00e9ctrico en marzo del 2019.<\/span><\/p>\n<p align=\"justify\">\n<p align=\"justify\"><span style=\"font-family: arial, helvetica, sans-serif; font-size: 14pt;\">Un Am\u00e9n para nuestro padre, mentor de los trabajadores del Inces, quienes en medio de esta adversidad mundial le recordamos y reiteramos por encima de las circunstancias el afecto, cari\u00f1o eterno para quien pens\u00f3 en lo mejor para los menos favorecidos: trabajadores, estudiantes&#8230;Que as\u00ed sea.<\/span><\/p>\n","protected":false},"excerpt":{"rendered":"<p>** Parti\u00f3 aquel 23 de abril de 1993, a la edad de 91 a\u00f1os, nos parece que fue ayer, por la simple raz\u00f3n que su obra y recuerdo se mantienen intacto en la memoria de venezolanos, en especial, de los trabajadores y maestros Inces quienes dan fiel cumplimiento a la estrategia del \u201cFormar Produciendo, Producir [&hellip;]<\/p>\n","protected":false},"author":4,"featured_media":38039,"comment_status":"closed","ping_status":"closed","sticky":false,"template":"","format":"standard","meta":{"footnotes":""},"categories":[2],"tags":[],"class_list":["post-38052","post","type-post","status-publish","format-standard","has-post-thumbnail","hentry","category-blog"],"_links":{"self":[{"href":"https:\/\/inces.gob.ve\/index.php\/wp-json\/wp\/v2\/posts\/38052","targetHints":{"allow":["GET"]}}],"collection":[{"href":"https:\/\/inces.gob.ve\/index.php\/wp-json\/wp\/v2\/posts"}],"about":[{"href":"https:\/\/inces.gob.ve\/index.php\/wp-json\/wp\/v2\/types\/post"}],"author":[{"embeddable":true,"href":"https:\/\/inces.gob.ve\/index.php\/wp-json\/wp\/v2\/users\/4"}],"replies":[{"embeddable":true,"href":"https:\/\/inces.gob.ve\/index.php\/wp-json\/wp\/v2\/comments?post=38052"}],"version-history":[{"count":2,"href":"https:\/\/inces.gob.ve\/index.php\/wp-json\/wp\/v2\/posts\/38052\/revisions"}],"predecessor-version":[{"id":38054,"href":"https:\/\/inces.gob.ve\/index.php\/wp-json\/wp\/v2\/posts\/38052\/revisions\/38054"}],"wp:featuredmedia":[{"embeddable":true,"href":"https:\/\/inces.gob.ve\/index.php\/wp-json\/wp\/v2\/media\/38039"}],"wp:attachment":[{"href":"https:\/\/inces.gob.ve\/index.php\/wp-json\/wp\/v2\/media?parent=38052"}],"wp:term":[{"taxonomy":"category","embeddable":true,"href":"https:\/\/inces.gob.ve\/index.php\/wp-json\/wp\/v2\/categories?post=38052"},{"taxonomy":"post_tag","embeddable":true,"href":"https:\/\/inces.gob.ve\/index.php\/wp-json\/wp\/v2\/tags?post=38052"}],"curies":[{"name":"wp","href":"https:\/\/api.w.org\/{rel}","templated":true}]}}