{"id":38057,"date":"2021-04-24T10:50:22","date_gmt":"2021-04-24T14:50:22","guid":{"rendered":"https:\/\/inces.gob.ve\/?p=38057"},"modified":"2021-04-24T10:50:22","modified_gmt":"2021-04-24T14:50:22","slug":"barinas-aprendices-se-forman-a-distancia-para-el-futuro","status":"publish","type":"post","link":"https:\/\/inces.gob.ve\/index.php\/2021\/04\/24\/barinas-aprendices-se-forman-a-distancia-para-el-futuro\/","title":{"rendered":"BARINAS | Aprendices se forman a distancia para el futuro"},"content":{"rendered":"<p style=\"text-align: justify;\"><em><strong><span style=\"font-size: 14pt; font-family: arial, helvetica, sans-serif;\">** <\/span><span style=\"font-size: 14pt; font-family: arial, helvetica, sans-serif;\">Constancia, compromiso y dedicaci\u00f3n de nuestra juventud<\/span><\/strong><\/em><!--more--><\/p>\n<p style=\"text-align: justify;\">\n<p style=\"text-align: justify;\"><span style=\"font-size: 14pt; font-family: arial, helvetica, sans-serif;\"><strong>HIRASYANEL BAYONA<\/strong><\/span><\/p>\n<p style=\"text-align: justify;\"><span style=\"font-size: 14pt; font-family: arial, helvetica, sans-serif;\">J\u00f3venes aprendices de Inces Barinas desarrollan su fase te\u00f3rica a trav\u00e9s del uso de las tecnolog\u00edas de la comunicaci\u00f3n complementando las mismas con asistencias programadas a los puntos de apoyo pedag\u00f3gico desplegados durante semanas de flexibilizaci\u00f3n.<\/span><\/p>\n<p>&nbsp;<\/p>\n<p style=\"text-align: justify;\"><span style=\"font-size: 14pt; font-family: arial, helvetica, sans-serif;\">Adaptados a la nueva normalidad en la que el pa\u00eds se vio obligado a incursionar a causa de la pandemia del COVID-19, los j\u00f3venes aprendices de Asistentes administrativos en ventas, Asistente en inform\u00e1tica, Electricidad y mantenimiento y Mec\u00e1nica de mantenimiento, reciben orientaciones, por medio del uso de dispositivos electr\u00f3nicos como computadores y tel\u00e9fonos inteligentes en relaci\u00f3n al \u00e1rea en la que se forman, manteniendo constante comunicaci\u00f3n con Andreina Mac\u00edas, coordinadora del Programa Nacional de Aprendizaje en la regi\u00f3n y sus profesores.<\/span><\/p>\n<p>&nbsp;<\/p>\n<p style=\"text-align: justify;\"><span style=\"font-size: 14pt; font-family: arial, helvetica, sans-serif;\">Mac\u00edas informo que acatando el m\u00e9todo\u00a0 7 + 7 que se refiere a semanas radicales y de flexibilizaci\u00f3n, los aprendices acuden a las instalaciones del Inces regional, tomando en cuenta las medidas de bioseguridad, durante la semana flexible, para recibir asesor\u00edas presenciales en los puntos de apoyo pedag\u00f3gico, encuentros planificados para garantizar la aclaraci\u00f3n de dudas o fortalecimiento de algunos temas, que por su naturaleza requieren practicas presenciales.<\/span><\/p>\n<p>&nbsp;<\/p>\n<p style=\"text-align: justify;\"><span style=\"font-size: 14pt; font-family: arial, helvetica, sans-serif;\">Macias explic\u00f3 que pese a las dificultades, los j\u00f3venes demuestran compromiso, se han venido desarrollando exitosamente las actividades y cuentan con j\u00f3venes en los niveles de formaci\u00f3n te\u00f3rica y otros finalizando la misma, ya recibiendo charlas orientadoras para su incorporaci\u00f3n a la entidad de trabajo, donde iniciaran pr\u00e1cticas de acuerdo al orden de prioridad en el que se encuentre la entidad ajustado al m\u00e9todo 7 + 7 establecido por el gobierno nacional y que ha permitido controlar la expansi\u00f3n del virus entre los habitantes.<\/span><\/p>\n<p>&nbsp;<\/p>\n<p style=\"text-align: justify;\"><span style=\"font-size: 14pt; font-family: arial, helvetica, sans-serif;\">Sin lugar a duda, a poco m\u00e1s de un a\u00f1o de la pandemia, la juventud de Inces Barinas continua demostrando con constancia y compromiso su entrega para la consolidaci\u00f3n de un nuevo modelo social, liderado por ellos, como responsables del futuro de la Patria.<\/span><\/p>\n","protected":false},"excerpt":{"rendered":"<p>** Constancia, compromiso y dedicaci\u00f3n de nuestra juventud<\/p>\n","protected":false},"author":4,"featured_media":23630,"comment_status":"closed","ping_status":"closed","sticky":false,"template":"","format":"standard","meta":{"footnotes":""},"categories":[2],"tags":[],"class_list":["post-38057","post","type-post","status-publish","format-standard","has-post-thumbnail","hentry","category-blog"],"_links":{"self":[{"href":"https:\/\/inces.gob.ve\/index.php\/wp-json\/wp\/v2\/posts\/38057","targetHints":{"allow":["GET"]}}],"collection":[{"href":"https:\/\/inces.gob.ve\/index.php\/wp-json\/wp\/v2\/posts"}],"about":[{"href":"https:\/\/inces.gob.ve\/index.php\/wp-json\/wp\/v2\/types\/post"}],"author":[{"embeddable":true,"href":"https:\/\/inces.gob.ve\/index.php\/wp-json\/wp\/v2\/users\/4"}],"replies":[{"embeddable":true,"href":"https:\/\/inces.gob.ve\/index.php\/wp-json\/wp\/v2\/comments?post=38057"}],"version-history":[{"count":1,"href":"https:\/\/inces.gob.ve\/index.php\/wp-json\/wp\/v2\/posts\/38057\/revisions"}],"predecessor-version":[{"id":38058,"href":"https:\/\/inces.gob.ve\/index.php\/wp-json\/wp\/v2\/posts\/38057\/revisions\/38058"}],"wp:featuredmedia":[{"embeddable":true,"href":"https:\/\/inces.gob.ve\/index.php\/wp-json\/wp\/v2\/media\/23630"}],"wp:attachment":[{"href":"https:\/\/inces.gob.ve\/index.php\/wp-json\/wp\/v2\/media?parent=38057"}],"wp:term":[{"taxonomy":"category","embeddable":true,"href":"https:\/\/inces.gob.ve\/index.php\/wp-json\/wp\/v2\/categories?post=38057"},{"taxonomy":"post_tag","embeddable":true,"href":"https:\/\/inces.gob.ve\/index.php\/wp-json\/wp\/v2\/tags?post=38057"}],"curies":[{"name":"wp","href":"https:\/\/api.w.org\/{rel}","templated":true}]}}