{"id":38093,"date":"2021-04-27T08:41:48","date_gmt":"2021-04-27T12:41:48","guid":{"rendered":"https:\/\/inces.gob.ve\/?p=38093"},"modified":"2021-04-27T14:46:32","modified_gmt":"2021-04-27T18:46:32","slug":"aragua-trabajadores-araguenos-certificas-sus-saberes","status":"publish","type":"post","link":"https:\/\/inces.gob.ve\/index.php\/2021\/04\/27\/aragua-trabajadores-araguenos-certificas-sus-saberes\/","title":{"rendered":"ARAGUA | Trabajadores arag\u00fce\u00f1os certifican sus saberes"},"content":{"rendered":"<p align=\"justify\"><span style=\"font-size: 14pt; font-family: arial, helvetica, sans-serif;\"><em><b>** <\/b><b>El <\/b><b>CFS Comercial <\/b><b>de Aragua <\/b><b>realiz\u00f3 el proceso de certificaci\u00f3n de saberes emp\u00edricos y acad\u00e9micos a trabajadores de la empresa del Centro Nacional de Distribuci\u00f3n C.A<\/b><\/em><b> <\/b><\/span><!--more--><\/p>\n<p align=\"justify\"><span style=\"font-size: 14pt; font-family: arial, helvetica, sans-serif;\"><b>ROD\u00cdN BUSTILLOS<\/b><\/span><\/p>\n<p align=\"justify\"><span style=\"font-size: 14pt; font-family: arial, helvetica, sans-serif;\">El jefe del centro de formaci\u00f3n socialista (CFS) Comercial, Carlos Chirinos, inform\u00f3 que el Inces realiz\u00f3 la certificaron de saberes en las \u00e1reas de almac\u00e9n y montacargas a los trabajadores del Centro Nacional de Distribuci\u00f3n C.A., ubicado en el municipio Revenga. \u00abTodos son trabajadores de la n\u00f3mina de la empresa y la misma cumple con el plan de formaci\u00f3n. Reivindicamos el reconocimiento de sus saberes, adquiridos de manera formal o informal\u00bb, acot\u00f3 Chirinos.<\/span><\/p>\n<p align=\"justify\"><span style=\"font-size: 14pt; font-family: arial, helvetica, sans-serif;\">Se\u00f1al\u00f3 el jefe de centro que el \u00e1rea de montacargas es importante porque permite motorizar a la empresa. Las personas que certificamos fueron formadas dentro de la misma empresa, y el Inces reconoce sus saberes tanto en el \u00e1rea de operario de montacargas como en el \u00e1rea de almacenistas\u00bb.<\/span><\/p>\n<p align=\"justify\"><span style=\"font-size: 14pt; font-family: arial, helvetica, sans-serif;\">Por su parte, el jefe del CFS Metalmec\u00e1nico de La Victoria, Jos\u00e9 Belisario, se\u00f1al\u00f3 que el Inces es quien motoriza todo el sistema y los elementos industriales en el pa\u00eds. \u00abEsta instituci\u00f3n, a trav\u00e9s del programa de Certificaci\u00f3n de Saberes Ocupacionales, reconoce los saberes de los trabajadores y es la \u00fanica instituci\u00f3n que puede hacer este tipo de certificaci\u00f3n dentro y fuera de nuestras fronteras\u00bb, acot\u00f3 Belisario.<\/span><\/p>\n<p align=\"justify\"><a name=\"_GoBack\"><\/a><span style=\"font-size: 14pt; font-family: arial, helvetica, sans-serif;\"> Inform\u00f3 Belisario que para este a\u00f1o se tiene previsto certificar m\u00e1s de mil saberes, y en lo que va de a\u00f1o ya se han certificado 100, de manera virtual, en \u00e1reas como Seguridad, Administraci\u00f3n e Inform\u00e1tica, para seguir fortaleciendo la din\u00e1mica en los procesos productivos del pa\u00eds.<\/span><\/p>\n","protected":false},"excerpt":{"rendered":"<p>** El CFS Comercial de Aragua realiz\u00f3 el proceso de certificaci\u00f3n de saberes emp\u00edricos y acad\u00e9micos a trabajadores de la empresa del Centro Nacional de Distribuci\u00f3n C.A<\/p>\n","protected":false},"author":4,"featured_media":38094,"comment_status":"closed","ping_status":"closed","sticky":false,"template":"","format":"standard","meta":{"footnotes":""},"categories":[2],"tags":[],"class_list":["post-38093","post","type-post","status-publish","format-standard","has-post-thumbnail","hentry","category-blog"],"_links":{"self":[{"href":"https:\/\/inces.gob.ve\/index.php\/wp-json\/wp\/v2\/posts\/38093","targetHints":{"allow":["GET"]}}],"collection":[{"href":"https:\/\/inces.gob.ve\/index.php\/wp-json\/wp\/v2\/posts"}],"about":[{"href":"https:\/\/inces.gob.ve\/index.php\/wp-json\/wp\/v2\/types\/post"}],"author":[{"embeddable":true,"href":"https:\/\/inces.gob.ve\/index.php\/wp-json\/wp\/v2\/users\/4"}],"replies":[{"embeddable":true,"href":"https:\/\/inces.gob.ve\/index.php\/wp-json\/wp\/v2\/comments?post=38093"}],"version-history":[{"count":3,"href":"https:\/\/inces.gob.ve\/index.php\/wp-json\/wp\/v2\/posts\/38093\/revisions"}],"predecessor-version":[{"id":38128,"href":"https:\/\/inces.gob.ve\/index.php\/wp-json\/wp\/v2\/posts\/38093\/revisions\/38128"}],"wp:featuredmedia":[{"embeddable":true,"href":"https:\/\/inces.gob.ve\/index.php\/wp-json\/wp\/v2\/media\/38094"}],"wp:attachment":[{"href":"https:\/\/inces.gob.ve\/index.php\/wp-json\/wp\/v2\/media?parent=38093"}],"wp:term":[{"taxonomy":"category","embeddable":true,"href":"https:\/\/inces.gob.ve\/index.php\/wp-json\/wp\/v2\/categories?post=38093"},{"taxonomy":"post_tag","embeddable":true,"href":"https:\/\/inces.gob.ve\/index.php\/wp-json\/wp\/v2\/tags?post=38093"}],"curies":[{"name":"wp","href":"https:\/\/api.w.org\/{rel}","templated":true}]}}