{"id":38135,"date":"2021-04-28T06:50:04","date_gmt":"2021-04-28T10:50:04","guid":{"rendered":"https:\/\/inces.gob.ve\/?p=38135"},"modified":"2021-04-28T09:53:22","modified_gmt":"2021-04-28T13:53:22","slug":"barinas-inces-regional-participo-en-consulta-virtual-proyecto-ley-chamba-juvenil","status":"publish","type":"post","link":"https:\/\/inces.gob.ve\/index.php\/2021\/04\/28\/barinas-inces-regional-participo-en-consulta-virtual-proyecto-ley-chamba-juvenil\/","title":{"rendered":"BARINAS | Inces regional particip\u00f3 en consulta virtual Proyecto Ley Chamba Juvenil"},"content":{"rendered":"<p style=\"text-align: justify;\"><span style=\"font-size: 14pt;\"><em><strong>** La voz de la juventud propone futuro en torno a su formaci\u00f3n productiva<\/strong><\/em><\/span><!--more--><\/p>\n<p style=\"text-align: justify;\">\n<p style=\"text-align: justify;\"><span style=\"font-size: 14pt;\"><strong>HIRASYANEL BAYONA<\/strong><\/span><\/p>\n<p style=\"text-align: justify;\"><span style=\"font-size: 14pt;\">La juventud del Inces Socialista, representada por voceros (as) de entre los aprendices, participantes, estudiantes, maestros (as) y trabajadores (as) levanto su voz a trav\u00e9s de la consulta virtual Proyecto de Ley Plan Chamba Juvenil.<\/span><\/p>\n<p>&nbsp;<\/p>\n<p style=\"text-align: justify;\"><span style=\"font-size: 14pt;\">La misma tuvo como finalidad escuchar las necesidades expresadas en torno a la formaci\u00f3n y la inclusi\u00f3n en el campo laboral de la juventud del Inces en todo el pa\u00eds, especialmente en lo relacionado a la preparaci\u00f3n de aprendices incorporados al Plan Chamba Juvenil y su interacci\u00f3n socioecon\u00f3mica de las entidades de trabajo p\u00fablicas, privadas y mixtas.<\/span><\/p>\n<p>&nbsp;<\/p>\n<p style=\"text-align: justify;\"><span style=\"font-size: 14pt;\">Representantes de la juventud por cada uno de los estados expresaron sus ideas en torno al mejoramiento de sus beneficios laborales, principalmente en relaci\u00f3n al disfrute de un salario igualitario al resto de los trabajadores de la entidad en la que laboren, ya que manifiestan cumplen con todas las normativas y deberes referentes a su zona de acci\u00f3n igual que cualquier otro trabajador directo de la entidad, asimismo manifestaron sus ideas de participar en un parlamento juvenil, por lo que solicitan su creaci\u00f3n, solicitan sea extendida la edad m\u00e1xima para entrar al plan por lo menos hasta los 21 a\u00f1os, de igual forma expresan se estudie la posibilidad de validar su certificado de aprendiz como t\u00e9cnicos medios, estas entre muchas otras propuestas.<\/span><\/p>\n<p>&nbsp;<\/p>\n<p style=\"text-align: justify;\"><span style=\"font-size: 14pt;\">Por su parte Inces Barinas, representado por \u00c1lvaro Oviedo, gerente regional, expuso entre sus propuestas: definir acciones sancionatorias para el cumplimiento de la norma, la constituci\u00f3n de un fondo econ\u00f3mico que permita impulsar proyectos de investigaci\u00f3n para el fortalecimiento de la ciencia y tecnolog\u00eda, mejorar el salario de los aprendices y considerar la asignaci\u00f3n de becas para los bachilleres productivos.<\/span><\/p>\n<p>&nbsp;<\/p>\n<p style=\"text-align: justify;\"><span style=\"font-size: 14pt;\">Medios como \u00e9ste, consulta virtual respetando la cuarentena que se vive en el pa\u00eds a causa del COVID \u2013 19, representan una excelente herramienta para seguir escuchando a la juventud comprometida y que participa en los diversos procesos formativos, capacit\u00e1ndose para la construcci\u00f3n del nuevo modelo econ\u00f3mico socialista.<\/span><\/p>\n","protected":false},"excerpt":{"rendered":"<p>** La voz de la juventud propone futuro en torno a su formaci\u00f3n productiva<\/p>\n","protected":false},"author":4,"featured_media":38136,"comment_status":"closed","ping_status":"closed","sticky":false,"template":"","format":"standard","meta":{"footnotes":""},"categories":[2],"tags":[],"class_list":["post-38135","post","type-post","status-publish","format-standard","has-post-thumbnail","hentry","category-blog"],"_links":{"self":[{"href":"https:\/\/inces.gob.ve\/index.php\/wp-json\/wp\/v2\/posts\/38135","targetHints":{"allow":["GET"]}}],"collection":[{"href":"https:\/\/inces.gob.ve\/index.php\/wp-json\/wp\/v2\/posts"}],"about":[{"href":"https:\/\/inces.gob.ve\/index.php\/wp-json\/wp\/v2\/types\/post"}],"author":[{"embeddable":true,"href":"https:\/\/inces.gob.ve\/index.php\/wp-json\/wp\/v2\/users\/4"}],"replies":[{"embeddable":true,"href":"https:\/\/inces.gob.ve\/index.php\/wp-json\/wp\/v2\/comments?post=38135"}],"version-history":[{"count":2,"href":"https:\/\/inces.gob.ve\/index.php\/wp-json\/wp\/v2\/posts\/38135\/revisions"}],"predecessor-version":[{"id":38138,"href":"https:\/\/inces.gob.ve\/index.php\/wp-json\/wp\/v2\/posts\/38135\/revisions\/38138"}],"wp:featuredmedia":[{"embeddable":true,"href":"https:\/\/inces.gob.ve\/index.php\/wp-json\/wp\/v2\/media\/38136"}],"wp:attachment":[{"href":"https:\/\/inces.gob.ve\/index.php\/wp-json\/wp\/v2\/media?parent=38135"}],"wp:term":[{"taxonomy":"category","embeddable":true,"href":"https:\/\/inces.gob.ve\/index.php\/wp-json\/wp\/v2\/categories?post=38135"},{"taxonomy":"post_tag","embeddable":true,"href":"https:\/\/inces.gob.ve\/index.php\/wp-json\/wp\/v2\/tags?post=38135"}],"curies":[{"name":"wp","href":"https:\/\/api.w.org\/{rel}","templated":true}]}}