{"id":38139,"date":"2021-04-29T08:21:47","date_gmt":"2021-04-29T12:21:47","guid":{"rendered":"https:\/\/inces.gob.ve\/?p=38139"},"modified":"2021-04-29T08:21:47","modified_gmt":"2021-04-29T12:21:47","slug":"trujiillo-trabajadores-a-la-expectativa-del-acto-de-beatificacion-de-jose-gregorio-hernandez","status":"publish","type":"post","link":"https:\/\/inces.gob.ve\/index.php\/2021\/04\/29\/trujiillo-trabajadores-a-la-expectativa-del-acto-de-beatificacion-de-jose-gregorio-hernandez\/","title":{"rendered":"TRUJIILLO | Trabajadores a la expectativa del acto de beatificaci\u00f3n de Jos\u00e9 Gregorio Hern\u00e1ndez"},"content":{"rendered":"<p align=\"justify\"><span style=\"font-size: 14pt;\"><strong>** Se conocen pocos detalles respecto a quienes ser\u00e1n las figuras pol\u00edticas nacionales asistentes al acto; unas 100 personas\u00a0 aproximadamente, seleccionadas por la Comisi\u00f3n para la Beatificaci\u00f3n del doctor Jos\u00e9 Gregorio Hern\u00e1ndez<!--more--><\/strong><\/span><\/p>\n<p align=\"justify\">\n<p><strong><span style=\"font-size: 14pt;\">MAR\u00cdA CABRERA<\/span><\/strong><\/p>\n<p align=\"justify\"><span style=\"font-size: 14pt;\">Ya es un hecho. Todo est\u00e1 listo. La Beatificaci\u00f3n del doctor Jos\u00e9 Gregorio Hern\u00e1ndez Cisneros ser\u00e1 dentro de pocas horas y la comunidad trujillana y venezolana se siente conmovida por una situaci\u00f3n que esperabamos: cumplir con la formalidad exigida por la Iglesia Cat\u00f3lica para que el \u201cM\u00e9dico de los Pobres\u201d fuese elevado a la categor\u00eda de beato.<\/span><\/p>\n<p align=\"justify\">\n<p align=\"justify\"><span style=\"font-size: 14pt;\">Aqu\u00ed en Trujillo, particularmente en el municipio Valera, se siente y se palpa este acontecimiento con el orgullo y la satisfacci\u00f3n de saber que la espera vali\u00f3 la pena, cabe decir que m\u00e1s de 74 a\u00f1os desde que el gran acontecimiento, un milagro, promoviera a los altares a este galeno venezolano impulsador de la medicina moderna junto a otros venezolanos, como el sabio Rafael Rangel.<\/span><\/p>\n<p align=\"justify\">\n<p align=\"justify\"><span style=\"font-size: 14pt;\">Muchos han dicho que de manera espont\u00e1nea exhibir\u00e1n las banderas de Trujillo y la Bandera Nacional en se\u00f1al de j\u00fabilo por este acontecimiento especial, lleno de tanto fervor por parte de los venezolanos habitantes de este pa\u00eds y los que se encuentran fuera, quienes, por cierto, hemos sabido por conocidos que desde donde se encuentran estar\u00e1n pendientes de la misa v\u00eda <em>on line<\/em>.<\/span><\/p>\n<p align=\"justify\">\n<p align=\"justify\"><span style=\"font-size: 14pt;\">Los trabajadores del Inces-Trujillo desde el instante del anuncio de la noticia de beatificaci\u00f3n, se aprontaron a conocer los detalles de este hecho que se cristalizar\u00e1 este viernes 30 de Abril a las 10 de la ma\u00f1ana, hora oficial en que la Comisi\u00f3n Episcopal de Venezuela inform\u00f3 sobre la noticia que ser\u00e1 objeto de cobertura nacional por todos los canales p\u00fablicos y privados del pa\u00eds.<\/span><\/p>\n<p align=\"justify\">\n<p align=\"justify\"><span style=\"font-size: 14pt;\">Se sabe poco los detalles de quienes ser\u00e1n las figuras pol\u00edticas nacionales asistentes al acto; unas 100 personas seleccionadas por el Comisi\u00f3n para la Beatificaci\u00f3n del doctor Jos\u00e9 Gregorio Hern\u00e1ndez, que hasta los momentos han confirmado su asistencia.<\/span><\/p>\n<p align=\"justify\">\n<p align=\"justify\"><span style=\"font-size: 14pt;\">No obstante, el gobernador del estado, Henry Rangel, Silva vio con buenos ojos la idea del izamiento de las dos banderas y a dejado a criterio de las personas esta decisi\u00f3n, respetando el libre albedr\u00edo y la libertad de culto de la gente.<\/span><\/p>\n<p align=\"justify\">\n<p align=\"justify\"><span style=\"font-size: 14pt;\">Por su parte, los trabajadores del Inces-Trujillo manifestaron la idea de efectuar su petici\u00f3n a la Gerencia Regional del Inces, Ang\u00e9lica Mor\u00f3n, para el izamiento de las dos banderas, Regional y Nacional, pero por ser el Inces un organismo dependiente del Ministerio de Educaci\u00f3n, pues habr\u00e1 que esperar que decisi\u00f3n tomen las autoridades nacionales.<\/span><\/p>\n<p align=\"justify\">\n<p align=\"justify\"><span style=\"font-size: 14pt;\">Lo cierto, es que, en esta mezcla de sentimiento encontrados, los trujillanos est\u00e1n a la expectativa del acto de beatificaci\u00f3n de JGHC \u201cEl Medico de Los Pobres\u201d a quienes los trabajadores del Inces-Trujillo y Venezuela le debemos mucho&#8230;Am\u00e9n\u2026.<\/span><\/p>\n","protected":false},"excerpt":{"rendered":"<p>** Se conocen pocos detalles respecto a quienes ser\u00e1n las figuras pol\u00edticas nacionales asistentes al acto; unas 100 personas\u00a0 aproximadamente, seleccionadas por la Comisi\u00f3n para la Beatificaci\u00f3n del doctor Jos\u00e9 Gregorio Hern\u00e1ndez<\/p>\n","protected":false},"author":4,"featured_media":38140,"comment_status":"closed","ping_status":"closed","sticky":false,"template":"","format":"standard","meta":{"footnotes":""},"categories":[2],"tags":[],"class_list":["post-38139","post","type-post","status-publish","format-standard","has-post-thumbnail","hentry","category-blog"],"_links":{"self":[{"href":"https:\/\/inces.gob.ve\/index.php\/wp-json\/wp\/v2\/posts\/38139","targetHints":{"allow":["GET"]}}],"collection":[{"href":"https:\/\/inces.gob.ve\/index.php\/wp-json\/wp\/v2\/posts"}],"about":[{"href":"https:\/\/inces.gob.ve\/index.php\/wp-json\/wp\/v2\/types\/post"}],"author":[{"embeddable":true,"href":"https:\/\/inces.gob.ve\/index.php\/wp-json\/wp\/v2\/users\/4"}],"replies":[{"embeddable":true,"href":"https:\/\/inces.gob.ve\/index.php\/wp-json\/wp\/v2\/comments?post=38139"}],"version-history":[{"count":1,"href":"https:\/\/inces.gob.ve\/index.php\/wp-json\/wp\/v2\/posts\/38139\/revisions"}],"predecessor-version":[{"id":38141,"href":"https:\/\/inces.gob.ve\/index.php\/wp-json\/wp\/v2\/posts\/38139\/revisions\/38141"}],"wp:featuredmedia":[{"embeddable":true,"href":"https:\/\/inces.gob.ve\/index.php\/wp-json\/wp\/v2\/media\/38140"}],"wp:attachment":[{"href":"https:\/\/inces.gob.ve\/index.php\/wp-json\/wp\/v2\/media?parent=38139"}],"wp:term":[{"taxonomy":"category","embeddable":true,"href":"https:\/\/inces.gob.ve\/index.php\/wp-json\/wp\/v2\/categories?post=38139"},{"taxonomy":"post_tag","embeddable":true,"href":"https:\/\/inces.gob.ve\/index.php\/wp-json\/wp\/v2\/tags?post=38139"}],"curies":[{"name":"wp","href":"https:\/\/api.w.org\/{rel}","templated":true}]}}