{"id":38145,"date":"2021-04-29T12:01:04","date_gmt":"2021-04-29T16:01:04","guid":{"rendered":"https:\/\/inces.gob.ve\/?p=38145"},"modified":"2021-04-29T12:21:35","modified_gmt":"2021-04-29T16:21:35","slug":"en-vivo-inces-rinde-homenaje-al-profe-de-la-revolucion-aristobulo-isturiz","status":"publish","type":"post","link":"https:\/\/inces.gob.ve\/index.php\/2021\/04\/29\/en-vivo-inces-rinde-homenaje-al-profe-de-la-revolucion-aristobulo-isturiz\/","title":{"rendered":"EN VIVO | Inces rinde homenaje al profe de la revoluci\u00f3n Arist\u00f3bulo Ist\u00fariz"},"content":{"rendered":"<p style=\"text-align: justify;\"><span style=\"font-size: 14pt;\"><em><strong>** El viceministro<span class=\"css-901oao css-16my406 r-poiln3 r-bcqeeo r-qvutc0\"> de Comunidades Educativas y Uni\u00f3n con el Pueblo, Jorge P\u00e9rez y el presidente del Inces, Wuikelman Angel, rinden en este momento homenaje al profesor desde la plazoleta del Inces <\/span><\/strong><\/em><\/span><\/p>\n<p style=\"text-align: justify;\"><!--more--><\/p>\n<p><span style=\"font-size: 14pt;\"><strong>Jueves 29 de abril de 2021: 11:45 a.m.<\/strong><\/span><\/p>\n<p><span style=\"font-size: 14pt;\">Con sentidas palabras de dolor, pero tambi\u00e9n orgullosos de haber sido camaradas, amigos y pupilos del profesor Arist\u00f3bulo Ist\u00fariz, autoridades del Inces y del Ministerio del Poder Popular para la Educaci\u00f3n, acompa\u00f1ados por servidores p\u00fablicos, rinden homenaje al profesor a dos d\u00edas de su partida terrenal.<\/span><\/p>\n<p><span style=\"font-size: 14pt;\"><a href=\"https:\/\/www.instagram.com\/wuikelmanangelp\/live\/\">Aqu\u00ed el EnVivo<\/a> <\/span><\/p>\n<p><img loading=\"lazy\" decoding=\"async\" class=\"aligncenter wp-image-38146 size-large\" src=\"https:\/\/inces.gob.ve\/wp-content\/uploads\/2021\/04\/WhatsApp-Image-2021-04-29-at-11.57.10-AM-1024x768.jpeg\" alt=\"\" width=\"640\" height=\"480\" srcset=\"https:\/\/inces.gob.ve\/wp-content\/uploads\/2021\/04\/WhatsApp-Image-2021-04-29-at-11.57.10-AM-1024x768.jpeg 1024w, https:\/\/inces.gob.ve\/wp-content\/uploads\/2021\/04\/WhatsApp-Image-2021-04-29-at-11.57.10-AM-300x225.jpeg 300w, https:\/\/inces.gob.ve\/wp-content\/uploads\/2021\/04\/WhatsApp-Image-2021-04-29-at-11.57.10-AM-768x576.jpeg 768w, https:\/\/inces.gob.ve\/wp-content\/uploads\/2021\/04\/WhatsApp-Image-2021-04-29-at-11.57.10-AM-136x102.jpeg 136w, https:\/\/inces.gob.ve\/wp-content\/uploads\/2021\/04\/WhatsApp-Image-2021-04-29-at-11.57.10-AM.jpeg 1040w\" sizes=\"auto, (max-width: 640px) 100vw, 640px\" \/><\/p>\n<p>&nbsp;<\/p>\n<p><strong>NOTICIA EN DESARROLLO<\/strong><\/p>\n","protected":false},"excerpt":{"rendered":"<p>** El viceministro de Comunidades Educativas y Uni\u00f3n con el Pueblo, Jorge P\u00e9rez y el presidente del Inces, Wuikelman Angel, rinden en este momento homenaje al profesor desde la plazoleta del Inces<\/p>\n","protected":false},"author":4,"featured_media":38147,"comment_status":"closed","ping_status":"closed","sticky":false,"template":"","format":"standard","meta":{"footnotes":""},"categories":[2],"tags":[],"class_list":["post-38145","post","type-post","status-publish","format-standard","has-post-thumbnail","hentry","category-blog"],"_links":{"self":[{"href":"https:\/\/inces.gob.ve\/index.php\/wp-json\/wp\/v2\/posts\/38145","targetHints":{"allow":["GET"]}}],"collection":[{"href":"https:\/\/inces.gob.ve\/index.php\/wp-json\/wp\/v2\/posts"}],"about":[{"href":"https:\/\/inces.gob.ve\/index.php\/wp-json\/wp\/v2\/types\/post"}],"author":[{"embeddable":true,"href":"https:\/\/inces.gob.ve\/index.php\/wp-json\/wp\/v2\/users\/4"}],"replies":[{"embeddable":true,"href":"https:\/\/inces.gob.ve\/index.php\/wp-json\/wp\/v2\/comments?post=38145"}],"version-history":[{"count":3,"href":"https:\/\/inces.gob.ve\/index.php\/wp-json\/wp\/v2\/posts\/38145\/revisions"}],"predecessor-version":[{"id":38150,"href":"https:\/\/inces.gob.ve\/index.php\/wp-json\/wp\/v2\/posts\/38145\/revisions\/38150"}],"wp:featuredmedia":[{"embeddable":true,"href":"https:\/\/inces.gob.ve\/index.php\/wp-json\/wp\/v2\/media\/38147"}],"wp:attachment":[{"href":"https:\/\/inces.gob.ve\/index.php\/wp-json\/wp\/v2\/media?parent=38145"}],"wp:term":[{"taxonomy":"category","embeddable":true,"href":"https:\/\/inces.gob.ve\/index.php\/wp-json\/wp\/v2\/categories?post=38145"},{"taxonomy":"post_tag","embeddable":true,"href":"https:\/\/inces.gob.ve\/index.php\/wp-json\/wp\/v2\/tags?post=38145"}],"curies":[{"name":"wp","href":"https:\/\/api.w.org\/{rel}","templated":true}]}}