{"id":38151,"date":"2021-04-30T06:54:37","date_gmt":"2021-04-30T10:54:37","guid":{"rendered":"https:\/\/inces.gob.ve\/?p=38151"},"modified":"2021-04-30T07:03:58","modified_gmt":"2021-04-30T11:03:58","slug":"honor-y-gloria-a-el-profe-aristobulo-isturiz","status":"publish","type":"post","link":"https:\/\/inces.gob.ve\/index.php\/2021\/04\/30\/honor-y-gloria-a-el-profe-aristobulo-isturiz\/","title":{"rendered":"Honor y Gloria a El Profe Arist\u00f3bulo Ist\u00fariz"},"content":{"rendered":"<p style=\"text-align: justify;\"><strong><em><span style=\"font-size: 14pt; font-family: arial, helvetica, sans-serif;\">** Un sentido homenaje fue realizado en horas de la ma\u00f1ana en la sede del Inces, al insigne profesor Arist\u00f3bulo Ist\u00fariz, con la presencia de la fuerza trabajadora, aprendices y autoridades de la instituci\u00f3n<\/span><\/em><\/strong><!--more--><\/p>\n<div class=\"gmail_quote\" dir=\"auto\">\n<div dir=\"auto\">\n<div dir=\"auto\" style=\"text-align: justify;\"><\/div>\n<div dir=\"auto\"><span style=\"font-size: 14pt;\"><strong>LUIS J. GONZ\u00c1LEZ C. \/ Fotos LJGC<\/strong><\/span><\/div>\n<div dir=\"auto\"><\/div>\n<div dir=\"auto\" style=\"text-align: justify;\"><span style=\"font-size: 14pt; font-family: arial, helvetica, sans-serif;\">El presidente del Inces, Wuikelman Angel destac\u00f3 de \u00abEl Profe\u00bb, su compromiso incansable con el trabajo, \u00abhoy despedimos al pupilo de Luis Beltr\u00e1n Prieto Figueroa qui\u00e9n fue un gran maestro del sector educativo, en el Inces estamos consternados con la partida de nuestro l\u00edder, de nuestro ministro, de nuestro querido profe. \u00c9l seguir\u00e1 siendo el gran referente de la educaci\u00f3n en nuestra patria, decir viva la patria, su lema, es una expresi\u00f3n de todos\u00bb, dijo.\u00a0<\/span><\/div>\n<\/div>\n<\/div>\n<div dir=\"auto\"><\/div>\n<div dir=\"auto\"><img loading=\"lazy\" decoding=\"async\" class=\"aligncenter wp-image-38152 size-full\" src=\"https:\/\/inces.gob.ve\/wp-content\/uploads\/2021\/04\/w.jpg\" alt=\"\" width=\"400\" height=\"267\" srcset=\"https:\/\/inces.gob.ve\/wp-content\/uploads\/2021\/04\/w.jpg 400w, https:\/\/inces.gob.ve\/wp-content\/uploads\/2021\/04\/w-300x200.jpg 300w\" sizes=\"auto, (max-width: 400px) 100vw, 400px\" \/><\/div>\n<div class=\"gmail_quote\" dir=\"auto\">\n<div dir=\"auto\">\n<div dir=\"auto\" style=\"text-align: justify;\"><\/div>\n<div dir=\"auto\" style=\"text-align: justify;\"><span style=\"font-size: 14pt; font-family: arial, helvetica, sans-serif;\">\u00c1ngel se\u00f1al\u00f3 qu\u00e9 queda el compromiso de seguir construyendo una educaci\u00f3n m\u00e1s libre para que nuestros j\u00f3venes y nuestros ni\u00f1os y ni\u00f1as, tengan un mayor acceso.\u00a0<\/span><\/div>\n<div dir=\"auto\"><\/div>\n<div dir=\"auto\" style=\"text-align: justify;\"><\/div>\n<div dir=\"auto\" style=\"text-align: justify;\"><span style=\"font-size: 14pt; font-family: arial, helvetica, sans-serif;\">En relaci\u00f3n al legado que deja\u00a0 Istur\u00edz, coment\u00f3 emocionado, que tuvo la dicha de compartir sus \u00faltimos a\u00f1os de vida\u00a0 en lo personal y en el trabajo intenso, \u00abno hab\u00eda d\u00eda en que el ministro como l\u00edder no activara el compromiso por hacer las cosas, era un defensor del pensamiento de Sim\u00f3n Rodr\u00edguez del aprender haciendo. Era infatigable, y pocos pod\u00edan seguir su ritmo\u00bb, manifest\u00f3.\u00a0<\/span><\/div>\n<\/div>\n<\/div>\n<div dir=\"auto\"><\/div>\n<div dir=\"auto\"><img loading=\"lazy\" decoding=\"async\" class=\"aligncenter wp-image-38155 size-full\" src=\"https:\/\/inces.gob.ve\/wp-content\/uploads\/2021\/04\/aristobulo_inces_3.jpg\" alt=\"\" width=\"400\" height=\"267\" srcset=\"https:\/\/inces.gob.ve\/wp-content\/uploads\/2021\/04\/aristobulo_inces_3.jpg 400w, https:\/\/inces.gob.ve\/wp-content\/uploads\/2021\/04\/aristobulo_inces_3-300x200.jpg 300w\" sizes=\"auto, (max-width: 400px) 100vw, 400px\" \/><\/div>\n<div dir=\"auto\"><\/div>\n<div class=\"gmail_quote\" dir=\"auto\">\n<div dir=\"auto\">\n<div dir=\"auto\" style=\"text-align: justify;\"><\/div>\n<div dir=\"auto\"><\/div>\n<div dir=\"auto\" style=\"text-align: justify;\"><span style=\"font-size: 14pt; font-family: arial, helvetica, sans-serif;\">Por su parte, el viceministro de comunidades educativas y uni\u00f3n con el pueblo, Jorge P\u00e9rez, record\u00f3 durante el acto, que durante toda su vida el ministro Ist\u00fariz mantuvo la lucha por las causas justas, la educaci\u00f3n, la inclusi\u00f3n y el socialismo\u00bb.\u00a0<\/span><\/div>\n<div dir=\"auto\"><\/div>\n<div dir=\"auto\"><\/div>\n<\/div>\n<\/div>\n<div dir=\"auto\" style=\"text-align: justify;\"><img loading=\"lazy\" decoding=\"async\" class=\"aligncenter wp-image-38154 size-full\" src=\"https:\/\/inces.gob.ve\/wp-content\/uploads\/2021\/04\/inces.jpg\" alt=\"\" width=\"400\" height=\"267\" srcset=\"https:\/\/inces.gob.ve\/wp-content\/uploads\/2021\/04\/inces.jpg 400w, https:\/\/inces.gob.ve\/wp-content\/uploads\/2021\/04\/inces-300x200.jpg 300w\" sizes=\"auto, (max-width: 400px) 100vw, 400px\" \/><\/div>\n<div dir=\"auto\"><\/div>\n<div class=\"gmail_quote\" dir=\"auto\">\n<div dir=\"auto\">\n<div dir=\"auto\"><\/div>\n<div dir=\"auto\"><\/div>\n<div dir=\"auto\" style=\"text-align: justify;\"><span style=\"font-size: 14pt; font-family: arial, helvetica, sans-serif;\">\u00abEn estos espacios d\u00f3nde tan especiales para el maestro Luis Beltr\u00e1n Prieto Figueroa, decimos con orgullo que el maestro dejo para la patria dos grandes cosas esta instituci\u00f3n c\u00f3mo est\u00e1 llena de valores y constructora de patria y profesores como Arist\u00f3bulo Ist\u00fariz\u00bb, coment\u00f3.\u00a0<\/span><\/div>\n<div dir=\"auto\"><\/div>\n<div dir=\"auto\" style=\"text-align: justify;\"><\/div>\n<div dir=\"auto\" style=\"text-align: justify;\"><span style=\"font-size: 14pt; font-family: arial, helvetica, sans-serif;\">El acto prosigui\u00f3 con palabras de los aprendices y autoridades de la instituci\u00f3n, quienes recordaron al profe con cari\u00f1o y narrar un parte de su biograf\u00eda y an\u00e9cdotas.<\/span><\/div>\n<\/div>\n<\/div>\n<div dir=\"auto\"><\/div>\n<div dir=\"auto\"><img loading=\"lazy\" decoding=\"async\" class=\"aligncenter wp-image-38156 size-full\" src=\"https:\/\/inces.gob.ve\/wp-content\/uploads\/2021\/04\/aristobulo_inces_2.jpg\" alt=\"\" width=\"400\" height=\"267\" srcset=\"https:\/\/inces.gob.ve\/wp-content\/uploads\/2021\/04\/aristobulo_inces_2.jpg 400w, https:\/\/inces.gob.ve\/wp-content\/uploads\/2021\/04\/aristobulo_inces_2-300x200.jpg 300w\" sizes=\"auto, (max-width: 400px) 100vw, 400px\" \/><\/div>\n<div class=\"gmail_quote\" dir=\"auto\">\n<div dir=\"auto\">\n<div dir=\"auto\" style=\"text-align: justify;\"><\/div>\n<div dir=\"auto\"><\/div>\n<div dir=\"auto\"><\/div>\n<div dir=\"auto\" style=\"text-align: justify;\"><span style=\"font-size: 14pt; font-family: arial, helvetica, sans-serif;\">Naty V\u00e1zquez parte de la directiva del Inces y pupila del maestro Arist\u00f3bulo Ist\u00fariz recalc\u00f3 su esp\u00edritu y entrega de lucha por la educaci\u00f3n a qui\u00e9n record\u00f3 con especial cari\u00f1o sus ense\u00f1anzas Y su lucha por el magisterio.\u00a0<\/span><\/div>\n<\/div>\n<\/div>\n<div dir=\"auto\"><\/div>\n<div dir=\"auto\"><img loading=\"lazy\" decoding=\"async\" class=\"aligncenter wp-image-38153 size-full\" src=\"https:\/\/inces.gob.ve\/wp-content\/uploads\/2021\/04\/naty.jpg\" alt=\"\" width=\"400\" height=\"267\" srcset=\"https:\/\/inces.gob.ve\/wp-content\/uploads\/2021\/04\/naty.jpg 400w, https:\/\/inces.gob.ve\/wp-content\/uploads\/2021\/04\/naty-300x200.jpg 300w\" sizes=\"auto, (max-width: 400px) 100vw, 400px\" \/><\/div>\n<div class=\"gmail_quote\" dir=\"auto\">\n<div dir=\"auto\">\n<div dir=\"auto\" style=\"text-align: justify;\"><\/div>\n<div dir=\"auto\"><\/div>\n<div dir=\"auto\"><\/div>\n<div dir=\"auto\" style=\"text-align: justify;\"><span style=\"font-size: 14pt; font-family: arial, helvetica, sans-serif;\">\u00abArist\u00f3bulo Ist\u00fariz siempre fue una persona muy atenta alegre y cordial memorizaba todos los cumplea\u00f1os incluso relacionaba lo cotidiano con la construcci\u00f3n de la revoluci\u00f3n, eso hablaba de cuan profundo amor sinti\u00f3 por su pueblo\u00bb, record\u00f3.<\/span><\/div>\n<div dir=\"auto\"><\/div>\n<div class=\"yj6qo\" style=\"text-align: justify;\"><\/div>\n<div class=\"adL\" dir=\"auto\" style=\"text-align: justify;\"><\/div>\n<\/div>\n<\/div>\n","protected":false},"excerpt":{"rendered":"<p>** Un sentido homenaje fue realizado en horas de la ma\u00f1ana en la sede del Inces, al insigne profesor Arist\u00f3bulo Ist\u00fariz, con la presencia de la fuerza trabajadora, aprendices y autoridades de la instituci\u00f3n<\/p>\n","protected":false},"author":4,"featured_media":38157,"comment_status":"closed","ping_status":"closed","sticky":false,"template":"","format":"standard","meta":{"footnotes":""},"categories":[2],"tags":[],"class_list":["post-38151","post","type-post","status-publish","format-standard","has-post-thumbnail","hentry","category-blog"],"_links":{"self":[{"href":"https:\/\/inces.gob.ve\/index.php\/wp-json\/wp\/v2\/posts\/38151","targetHints":{"allow":["GET"]}}],"collection":[{"href":"https:\/\/inces.gob.ve\/index.php\/wp-json\/wp\/v2\/posts"}],"about":[{"href":"https:\/\/inces.gob.ve\/index.php\/wp-json\/wp\/v2\/types\/post"}],"author":[{"embeddable":true,"href":"https:\/\/inces.gob.ve\/index.php\/wp-json\/wp\/v2\/users\/4"}],"replies":[{"embeddable":true,"href":"https:\/\/inces.gob.ve\/index.php\/wp-json\/wp\/v2\/comments?post=38151"}],"version-history":[{"count":1,"href":"https:\/\/inces.gob.ve\/index.php\/wp-json\/wp\/v2\/posts\/38151\/revisions"}],"predecessor-version":[{"id":38158,"href":"https:\/\/inces.gob.ve\/index.php\/wp-json\/wp\/v2\/posts\/38151\/revisions\/38158"}],"wp:featuredmedia":[{"embeddable":true,"href":"https:\/\/inces.gob.ve\/index.php\/wp-json\/wp\/v2\/media\/38157"}],"wp:attachment":[{"href":"https:\/\/inces.gob.ve\/index.php\/wp-json\/wp\/v2\/media?parent=38151"}],"wp:term":[{"taxonomy":"category","embeddable":true,"href":"https:\/\/inces.gob.ve\/index.php\/wp-json\/wp\/v2\/categories?post=38151"},{"taxonomy":"post_tag","embeddable":true,"href":"https:\/\/inces.gob.ve\/index.php\/wp-json\/wp\/v2\/tags?post=38151"}],"curies":[{"name":"wp","href":"https:\/\/api.w.org\/{rel}","templated":true}]}}