{"id":38159,"date":"2021-04-30T06:51:29","date_gmt":"2021-04-30T10:51:29","guid":{"rendered":"https:\/\/inces.gob.ve\/?p=38159"},"modified":"2021-04-30T06:51:29","modified_gmt":"2021-04-30T10:51:29","slug":"apure-realizada-consulta-de-proyecto-de-ley-chamba-juvenil","status":"publish","type":"post","link":"https:\/\/inces.gob.ve\/index.php\/2021\/04\/30\/apure-realizada-consulta-de-proyecto-de-ley-chamba-juvenil\/","title":{"rendered":"APURE | Realizada consulta de proyecto de Ley Chamba Juvenil"},"content":{"rendered":"<p style=\"text-align: justify;\"><span style=\"font-size: 14pt;\"><em><strong>*** Inces particip\u00f3 como anfitri\u00f3n y ofreci\u00f3 la oportunidad a los\u00a0 j\u00f3venes de expresar sus propuestas para ser insertados en el campo laboral<\/strong><\/em><!--more--><\/span><\/p>\n<p style=\"text-align: justify;\">\n<p style=\"text-align: justify;\"><span style=\"font-size: 14pt;\">En la consulta realizada v\u00eda Zoom, particip\u00f3 el presidente del Inces Wuikelman Angel, gerentes regionales, aprendices, maestros y\u00a0 trabajadores de la Instituci\u00f3n, dando sus aportes con el fin apoyar la protecci\u00f3n social que\u00a0 garantiza\u00a0 empleo a la juventud venezolana.<\/span><\/p>\n<p style=\"text-align: justify;\">\n<p style=\"text-align: justify;\"><span style=\"font-size: 14pt;\">Estefany Cadenas, de la Juventud Inces, expres\u00f3: \u00abSe deben crear leyes que incluyan a\u00fan m\u00e1s a los j\u00f3venes en el campo laboral y que las entidades de trabajo reconozcan e igualen el salario de los aprendices\u00bb.<\/span><\/p>\n<p>&nbsp;<\/p>\n<p style=\"text-align: justify;\"><span style=\"font-size: 14pt;\">De igual forma recomend\u00f3 la ampliaci\u00f3n de las edades para ingresar al Programa Nacional de Aprendizaje, lo cual evidenci\u00f3 el inter\u00e9s y la disposici\u00f3n de la juventud en pro del desarrollo productivo del pa\u00eds.<\/span><\/p>\n<p style=\"text-align: justify;\">\n<span style=\"font-size: 14pt;\">En este mismo orden de ideas, esta consulta ha tenido gran relevancia en Redes Sociales y en los Medios de Comunicaci\u00f3n, en el programa Somos Inces transmitido por Radio Miraflores tuvo como invitado a Oliver Guzm\u00e1n, viceministro de Organizaci\u00f3n y Participaci\u00f3n para la Juventud, quien manifest\u00f3 que existe un estado mayor de Chamba Juvenil en las diferentes instituciones del pa\u00eds, quienes estar\u00edan dando un aporte a nivel de formaciones para la articulaci\u00f3n y ejecuci\u00f3n de esta ley para favorecer a los j\u00f3venes en su proceso de capacitaci\u00f3n\u00bb.<\/span><br \/>\n<span style=\"font-size: 14pt;\">\u00a0 <\/span><br \/>\n<span style=\"font-size: 14pt;\">\u00bb Estad\u00edsticamente hablando, uno de los repuntes m\u00e1s importantes que tuvo la econom\u00eda de Venezuela durante esta pandemia fue gracias a los j\u00f3venes, impulsando emprendimientos, proyectos socio productivos dentro del entorno que se pudo haber generado, demostrando que si es posible lograr pol\u00edticas del Estado\u00bb, indic\u00f3.<\/span><\/p>\n<p>&nbsp;<\/p>\n<p style=\"text-align: justify;\"><span style=\"font-size: 14pt;\">Tambi\u00e9n particip\u00f3 Luis Eduardo Salazar, coordinador de la Juventud productiva del Inces, quien expres\u00f3 que este 2021 se celebra el Bicentenario de la Batalla de Carabobo y\u00a0 fue el a\u00f1o que el presidente Hugo Ch\u00e1vez visualiz\u00f3 como el a\u00f1o de la consolidaci\u00f3n del Socialismo Bolivariano, participativo y protag\u00f3nico, fecha hist\u00f3rica e importante para la Patria y en el que el 12 de febrero, D\u00eda de la Juventud, fue entregado el proyecto de Ley Chamba Juvenil.<\/span><\/p>\n<p>&nbsp;<\/p>\n<p style=\"text-align: justify;\"><span style=\"font-size: 14pt;\">Recalc\u00f3 Salazar: \u00abNosotros como responsables en todo el p\u00e1is de la juventud productiva, en nombre de todos los aprendices nos sentimos orgullosos de ser part\u00edcipes de esta ley\u00bb.<\/span><\/p>\n<p>&nbsp;<\/p>\n<p style=\"text-align: justify;\"><span style=\"font-size: 14pt;\">Cabe resaltar que esta ley en su art\u00edculo 14 se\u00f1ala \u00abLa Gran Misi\u00f3n Chamba Juvenil deber\u00e1 generar las condiciones para garantizar la efectiva educaci\u00f3n, formaci\u00f3n y capacitaci\u00f3n de la o el participante que aspire a ser insertado en el proceso social del trabajo&#8230;\u00bb<\/span><\/p>\n<p>&nbsp;<\/p>\n<p style=\"text-align: justify;\"><span style=\"font-size: 14pt;\">Finalmente es importante destacar que son m\u00e1s de cuatro mil j\u00f3venes que participan en esta consulta, insertos en el sistema Patria.<\/span><\/p>\n","protected":false},"excerpt":{"rendered":"<p>*** Inces particip\u00f3 como anfitri\u00f3n y ofreci\u00f3 la oportunidad a los\u00a0 j\u00f3venes de expresar sus propuestas para ser insertados en el campo laboral<\/p>\n","protected":false},"author":4,"featured_media":37962,"comment_status":"closed","ping_status":"closed","sticky":false,"template":"","format":"standard","meta":{"footnotes":""},"categories":[2],"tags":[],"class_list":["post-38159","post","type-post","status-publish","format-standard","has-post-thumbnail","hentry","category-blog"],"_links":{"self":[{"href":"https:\/\/inces.gob.ve\/index.php\/wp-json\/wp\/v2\/posts\/38159","targetHints":{"allow":["GET"]}}],"collection":[{"href":"https:\/\/inces.gob.ve\/index.php\/wp-json\/wp\/v2\/posts"}],"about":[{"href":"https:\/\/inces.gob.ve\/index.php\/wp-json\/wp\/v2\/types\/post"}],"author":[{"embeddable":true,"href":"https:\/\/inces.gob.ve\/index.php\/wp-json\/wp\/v2\/users\/4"}],"replies":[{"embeddable":true,"href":"https:\/\/inces.gob.ve\/index.php\/wp-json\/wp\/v2\/comments?post=38159"}],"version-history":[{"count":1,"href":"https:\/\/inces.gob.ve\/index.php\/wp-json\/wp\/v2\/posts\/38159\/revisions"}],"predecessor-version":[{"id":38160,"href":"https:\/\/inces.gob.ve\/index.php\/wp-json\/wp\/v2\/posts\/38159\/revisions\/38160"}],"wp:featuredmedia":[{"embeddable":true,"href":"https:\/\/inces.gob.ve\/index.php\/wp-json\/wp\/v2\/media\/37962"}],"wp:attachment":[{"href":"https:\/\/inces.gob.ve\/index.php\/wp-json\/wp\/v2\/media?parent=38159"}],"wp:term":[{"taxonomy":"category","embeddable":true,"href":"https:\/\/inces.gob.ve\/index.php\/wp-json\/wp\/v2\/categories?post=38159"},{"taxonomy":"post_tag","embeddable":true,"href":"https:\/\/inces.gob.ve\/index.php\/wp-json\/wp\/v2\/tags?post=38159"}],"curies":[{"name":"wp","href":"https:\/\/api.w.org\/{rel}","templated":true}]}}