{"id":38259,"date":"2021-05-05T08:42:45","date_gmt":"2021-05-05T12:42:45","guid":{"rendered":"https:\/\/inces.gob.ve\/?p=38259"},"modified":"2021-05-05T08:42:45","modified_gmt":"2021-05-05T12:42:45","slug":"trujillo-la-receptividad-del-publico-mantiene-activo-al-inces","status":"publish","type":"post","link":"https:\/\/inces.gob.ve\/index.php\/2021\/05\/05\/trujillo-la-receptividad-del-publico-mantiene-activo-al-inces\/","title":{"rendered":"TRUJILLO | La receptividad del p\u00fablico mantiene activo al Inces"},"content":{"rendered":"<p align=\"justify\"><em><strong><span style=\"font-family: Liberation Sans, sans-serif;\"><span style=\"font-size: medium;\">** En la actualidad el Inces-Trujillo registra 928 participantes en 21 formaciones gracias al esfuerzo de la Gerencia Regional y la Divisi\u00f3n de Formaci\u00f3n Profesional<\/span><\/span><\/strong><\/em><!--more--><\/p>\n<p align=\"justify\">\n<p align=\"justify\"><span style=\"font-family: Liberation Sans, sans-serif;\"><span style=\"font-size: medium;\"><strong>MAR\u00cdA CABRERA<\/strong><br \/>\n<\/span><\/span><\/p>\n<p align=\"justify\"><span style=\"font-family: Liberation Sans, sans-serif;\"><span style=\"font-size: medium;\">La Divisi\u00f3n de Formaci\u00f3n Profesional del Instituto Nacional de Capacitaci\u00f3n Educativa Socialista de Trujillo, a cargo de Marco Ortega, en este segundo trimestre del a\u00f1o 2021 manifiesta su satisfacci\u00f3n por la receptividad de la gente en responder a la oferta de los cursos anunciado por cada uno de los flayer publicitarios dise\u00f1ados por tal fin.<\/span><\/span><\/p>\n<p align=\"justify\">\n<p align=\"justify\"><span style=\"font-family: Liberation Sans, sans-serif;\"><span style=\"font-size: medium;\">Marcos Ortega explica que la respuesta y la actitud del p\u00fablico en medio de esta pandemia se debe, entre otras cosas, al resultado del resto de los programas ofertados por el Inces-Trujillo,\u00a0 los cuales han dado respuesta a las necesidades de las personas que acuden a las instalaciones para saber si est\u00e1n dando las formaciones y como es el procedimiento para acceder a ellas.<\/span><\/span><\/p>\n<p align=\"justify\">\n<p align=\"justify\"><span style=\"font-family: Liberation Sans, sans-serif;\"><span style=\"font-size: medium;\">\u00abPor ejemplo, registramos actualmente 928 participantes en 21 formaciones para la Gerencia Regional. Para nosotros\u00a0 es un n\u00famero bueno porque con los cambios efectuados para dictar las formaciones, luego de la aparici\u00f3n del covid-19, nos hizo temer\u00a0 que \u00edbamos a presentar una merma considerable, cosa que no ocurri\u00f3, lo que nos oblig\u00f3 entonces a pensar como mantener las cifras\u00bb.<\/span><\/span><\/p>\n<p align=\"justify\">\n<p align=\"justify\"><span style=\"font-family: Liberation Sans, sans-serif;\"><span style=\"font-size: medium;\">\u00abF\u00edjense que el programa Agr\u00edcola presenta 7 formaciones y registra 119 participantes; Industria con 2 cursos tiene 221 personas; Turismo con 5 formaciones est\u00e1 con 312 participantes y Nuevos Modelos de Gesti\u00f3n con 7 cursos presenta 276 inscritos, n\u00fameros que reconfortan porque, mantener la operatividad del n\u00facleo es nuestra ocupaci\u00f3n y preocupaci\u00f3n desde la Gerencia Regional, en especial desde que atravesamos esta coyuntura de salud que, por lo novedosa, nos agarr\u00f3 de sorpresa\u00bb.<\/span><\/span><\/p>\n<p align=\"justify\">\n<p align=\"justify\"><span style=\"font-family: Liberation Sans, sans-serif;\"><span style=\"font-size: medium;\">\u00abLa gente tiene sus cursos preferidos, eso explica la variedad en las cifras en cada programa y estos var\u00edan tambi\u00e9n de acuerdo a la temporada del a\u00f1o, por eso Turismo es que m\u00e1s talleres presenta, gracias a la colaboraci\u00f3n y al profesionalismo de cada uno de los maestros t\u00e9cnicos productivos\u00bb, agrega Ortega.<\/span><\/span><\/p>\n<p align=\"justify\">\n<p align=\"justify\"><span style=\"font-family: Liberation Sans, sans-serif;\"><span style=\"font-size: xx-small;\"><span style=\"font-size: medium;\">El jefe de la Divisi\u00f3n de Formaci\u00f3n Profesional indica que cada una de estos cursos se suministraran en l\u00ednea, porque es la forma m\u00e1s segura de evitar los contagios y la<\/span> <span style=\"font-size: medium;\">propagaci\u00f3n del virus; recordamos que Venezuela est\u00e1 atravesando la segunda ola y hasta los momentos con mucho esfuerzo, mantenemos a raya este flagelo del que este n\u00facleo no conoce la primera v\u00edctima\u201d, dijo finalmente Marcos Ortega.<\/span><\/span><\/span><\/p>\n","protected":false},"excerpt":{"rendered":"<p>** En la actualidad el Inces-Trujillo registra 928 participantes en 21 formaciones gracias al esfuerzo de la Gerencia Regional y la Divisi\u00f3n de Formaci\u00f3n Profesional<\/p>\n","protected":false},"author":4,"featured_media":35463,"comment_status":"closed","ping_status":"closed","sticky":false,"template":"","format":"standard","meta":{"footnotes":""},"categories":[2],"tags":[],"class_list":["post-38259","post","type-post","status-publish","format-standard","has-post-thumbnail","hentry","category-blog"],"_links":{"self":[{"href":"https:\/\/inces.gob.ve\/index.php\/wp-json\/wp\/v2\/posts\/38259","targetHints":{"allow":["GET"]}}],"collection":[{"href":"https:\/\/inces.gob.ve\/index.php\/wp-json\/wp\/v2\/posts"}],"about":[{"href":"https:\/\/inces.gob.ve\/index.php\/wp-json\/wp\/v2\/types\/post"}],"author":[{"embeddable":true,"href":"https:\/\/inces.gob.ve\/index.php\/wp-json\/wp\/v2\/users\/4"}],"replies":[{"embeddable":true,"href":"https:\/\/inces.gob.ve\/index.php\/wp-json\/wp\/v2\/comments?post=38259"}],"version-history":[{"count":1,"href":"https:\/\/inces.gob.ve\/index.php\/wp-json\/wp\/v2\/posts\/38259\/revisions"}],"predecessor-version":[{"id":38260,"href":"https:\/\/inces.gob.ve\/index.php\/wp-json\/wp\/v2\/posts\/38259\/revisions\/38260"}],"wp:featuredmedia":[{"embeddable":true,"href":"https:\/\/inces.gob.ve\/index.php\/wp-json\/wp\/v2\/media\/35463"}],"wp:attachment":[{"href":"https:\/\/inces.gob.ve\/index.php\/wp-json\/wp\/v2\/media?parent=38259"}],"wp:term":[{"taxonomy":"category","embeddable":true,"href":"https:\/\/inces.gob.ve\/index.php\/wp-json\/wp\/v2\/categories?post=38259"},{"taxonomy":"post_tag","embeddable":true,"href":"https:\/\/inces.gob.ve\/index.php\/wp-json\/wp\/v2\/tags?post=38259"}],"curies":[{"name":"wp","href":"https:\/\/api.w.org\/{rel}","templated":true}]}}