{"id":38268,"date":"2021-05-05T18:53:06","date_gmt":"2021-05-05T22:53:06","guid":{"rendered":"https:\/\/inces.gob.ve\/?p=38268"},"modified":"2021-05-05T18:53:06","modified_gmt":"2021-05-05T22:53:06","slug":"chamba-tecnica-y-de-oficios-sera-responsabilidad-del-inces","status":"publish","type":"post","link":"https:\/\/inces.gob.ve\/index.php\/2021\/05\/05\/chamba-tecnica-y-de-oficios-sera-responsabilidad-del-inces\/","title":{"rendered":"Chamba T\u00e9cnica y de Oficios ser\u00e1 responsabilidad del Inces"},"content":{"rendered":"<p style=\"text-align: justify;\"><span style=\"font-size: 14pt;\"><em>** El titular de la casa formativa, WuIkelman Angel, forma parte del Estado Mayor de la Gran Misi\u00f3n Chamba Juvenil<\/em><!--more--><\/span><\/p>\n<p style=\"text-align: justify;\">\n<p style=\"text-align: justify;\"><strong><span style=\"font-size: 14pt;\">LONGINA TOVAR<\/span><\/strong><\/p>\n<p style=\"text-align: justify;\"><span style=\"font-size: 14pt;\">Este mi\u00e9rcoles 5 de mayo el presidente de la Rep\u00fablica, Nicol\u00e1s Maduro Moros, relanz\u00f3 la Gran Misi\u00f3n Chamba Juvenil, con un plan que abarca siete vertientes, el tercero de ellos, en lo formativ, ser\u00e1 responsabilidad del Inces.<\/span><\/p>\n<p>&nbsp;<\/p>\n<p><span style=\"font-size: 14pt;\">Durante la transmisi\u00f3n del relanzamiento, el Ejecutivo Nacional explic\u00f3 que en esta nueva etapa Chamba Juvenil contempla la creaci\u00f3n del plan Chamba T\u00e9cnica y de Oficios, as\u00ed como la creaci\u00f3n del Plan de Formaci\u00f3n para los Nuevos Oficios Tecnol\u00f3gicos, con una meta de 250.000 chambista, todo responsabilidad del Instituto Nacional de Capacitaci\u00f3n y Educaci\u00f3n Socialista.<\/span><\/p>\n<p>&nbsp;<\/p>\n<p><span style=\"font-size: 14pt;\">En el pase al estado Bol\u00edvar. se pudo conocer que aprendices del Inces<span class=\"css-901oao css-16my406 r-poiln3 r-bcqeeo r-qvutc0\"> reciben sus certificados por las labores desempe\u00f1adas en la CVG Bauxilum<\/span><\/span><\/p>\n<p>&nbsp;<\/p>\n<p style=\"text-align: justify;\">\n<p style=\"text-align: justify;\"><span style=\"font-size: 14pt;\">NOTICIA EN DESAROLLO<\/span><\/p>\n","protected":false},"excerpt":{"rendered":"<p>** El titular de la casa formativa, WuIkelman Angel, forma parte del Estado Mayor de la Gran Misi\u00f3n Chamba Juvenil<\/p>\n","protected":false},"author":4,"featured_media":38269,"comment_status":"closed","ping_status":"closed","sticky":false,"template":"","format":"standard","meta":{"footnotes":""},"categories":[2],"tags":[],"class_list":["post-38268","post","type-post","status-publish","format-standard","has-post-thumbnail","hentry","category-blog"],"_links":{"self":[{"href":"https:\/\/inces.gob.ve\/index.php\/wp-json\/wp\/v2\/posts\/38268","targetHints":{"allow":["GET"]}}],"collection":[{"href":"https:\/\/inces.gob.ve\/index.php\/wp-json\/wp\/v2\/posts"}],"about":[{"href":"https:\/\/inces.gob.ve\/index.php\/wp-json\/wp\/v2\/types\/post"}],"author":[{"embeddable":true,"href":"https:\/\/inces.gob.ve\/index.php\/wp-json\/wp\/v2\/users\/4"}],"replies":[{"embeddable":true,"href":"https:\/\/inces.gob.ve\/index.php\/wp-json\/wp\/v2\/comments?post=38268"}],"version-history":[{"count":1,"href":"https:\/\/inces.gob.ve\/index.php\/wp-json\/wp\/v2\/posts\/38268\/revisions"}],"predecessor-version":[{"id":38270,"href":"https:\/\/inces.gob.ve\/index.php\/wp-json\/wp\/v2\/posts\/38268\/revisions\/38270"}],"wp:featuredmedia":[{"embeddable":true,"href":"https:\/\/inces.gob.ve\/index.php\/wp-json\/wp\/v2\/media\/38269"}],"wp:attachment":[{"href":"https:\/\/inces.gob.ve\/index.php\/wp-json\/wp\/v2\/media?parent=38268"}],"wp:term":[{"taxonomy":"category","embeddable":true,"href":"https:\/\/inces.gob.ve\/index.php\/wp-json\/wp\/v2\/categories?post=38268"},{"taxonomy":"post_tag","embeddable":true,"href":"https:\/\/inces.gob.ve\/index.php\/wp-json\/wp\/v2\/tags?post=38268"}],"curies":[{"name":"wp","href":"https:\/\/api.w.org\/{rel}","templated":true}]}}