{"id":38274,"date":"2021-05-07T08:38:42","date_gmt":"2021-05-07T12:38:42","guid":{"rendered":"https:\/\/inces.gob.ve\/?p=38274"},"modified":"2021-05-07T08:38:42","modified_gmt":"2021-05-07T12:38:42","slug":"aragua-un-reconocimiento-al-esfuerzo-y-valor-de-nuestros-trabajadores-en-pandemia","status":"publish","type":"post","link":"https:\/\/inces.gob.ve\/index.php\/2021\/05\/07\/aragua-un-reconocimiento-al-esfuerzo-y-valor-de-nuestros-trabajadores-en-pandemia\/","title":{"rendered":"ARAGUA | Un reconocimiento al esfuerzo y valor de nuestros trabajadores en pandemia"},"content":{"rendered":"<div dir=\"auto\">\n<div dir=\"auto\" style=\"text-align: justify;\"><span style=\"font-size: 14pt;\"><em><strong>** El Programa Penitenciario activo en ambiente virtual<\/strong><\/em><br \/>\n<\/span><\/div>\n<\/div>\n<p style=\"text-align: justify;\"><!--more--><\/p>\n<div dir=\"auto\" style=\"text-align: justify;\"><\/div>\n<div dir=\"auto\" style=\"text-align: justify;\">\n<div dir=\"auto\"><span style=\"font-size: 14pt;\"><strong>NINOSKA PATRIZ<\/strong><br \/>\n<\/span><\/div>\n<div dir=\"auto\"><\/div>\n<div dir=\"auto\"><span style=\"font-size: 14pt;\">\u201cEn medio de esta pandemia mundial por la COVID-19, van saliendo al paso para implementar sus diferentes formaciones\u201d. As\u00ed lo coment\u00f3, la jefa de Centro Rosa Torres. La misma, supervisa paso a paso cada una de las formaciones a distancia, estando agregada a cada uno de los espacios virtuales de chats en WhatsApp.<\/span><\/div>\n<div dir=\"auto\"><\/div>\n<div dir=\"auto\"><span style=\"font-size: 14pt;\">Torres afirm\u00f3: \u201cAvanzamos con las formaciones en aulas virtuales y las pr\u00e1cticas se realizan de manera muy puntual en los diferentes espacios disponibles para las asesor\u00edas pedag\u00f3gicas\u201d. En referencia a estos espacios agradeci\u00f3 a las comunidades de Ca\u00f1a de Az\u00facar, Campo Alegre, Francisco Linares Alc\u00e1ntara, y Pi\u00f1onal, que brindaron todo su apoyo, \u00abpara permitirnos hacer nuestro trabajo y realizar las actividades inherentes a nuestra labor.\u00a0<\/span><\/div>\n<div dir=\"auto\"><\/div>\n<div dir=\"auto\"><span style=\"font-size: 14pt;\">\u201cVenga tambi\u00e9n un reconocimiento especial sobre todo a la Juventud quienes ser\u00e1n en un futuro nuestra generaci\u00f3n de relevo. Particularmente queremos hacer notar nuestras felicitaciones a nuestros maestros t\u00e9cnicos productivos (MTP)\u00a0 por ser el pilar de nuestra Instituci\u00f3n Inces y por ser integrales en sus oficios y jam\u00e1s detener su marcha.<\/span><\/div>\n<div dir=\"auto\"><\/div>\n<div dir=\"auto\"><span style=\"font-size: 14pt;\">Entre ellos: Humberto Plaza, Elisa Moreno, Marlene Febres, Inmaculada Gonz\u00e1lez, Jes\u00fas Soret y Jos\u00e9 Gonz\u00e1lez, quienes culminaron \u00e9ste mes formaciones este mes de Mayo en el \u00e1rea de Productos de Higiene Personal, Seguridad industrial, Seguridad y ambiente en el trabajo, Higiene y Seguridad Ocupacional, Desarrollo y crecimiento personal dictados en aula virtual desde su base de operaciones en la comunidad de los hornos, correspondientemente\u201d.<\/span><\/div>\n<\/div>\n<p style=\"text-align: justify;\">\n","protected":false},"excerpt":{"rendered":"<p>** El Programa Penitenciario activo en ambiente virtual<\/p>\n","protected":false},"author":4,"featured_media":38275,"comment_status":"closed","ping_status":"closed","sticky":false,"template":"","format":"standard","meta":{"footnotes":""},"categories":[2],"tags":[160,137],"class_list":["post-38274","post","type-post","status-publish","format-standard","has-post-thumbnail","hentry","category-blog","tag-covid-19","tag-formacionadistancia"],"_links":{"self":[{"href":"https:\/\/inces.gob.ve\/index.php\/wp-json\/wp\/v2\/posts\/38274","targetHints":{"allow":["GET"]}}],"collection":[{"href":"https:\/\/inces.gob.ve\/index.php\/wp-json\/wp\/v2\/posts"}],"about":[{"href":"https:\/\/inces.gob.ve\/index.php\/wp-json\/wp\/v2\/types\/post"}],"author":[{"embeddable":true,"href":"https:\/\/inces.gob.ve\/index.php\/wp-json\/wp\/v2\/users\/4"}],"replies":[{"embeddable":true,"href":"https:\/\/inces.gob.ve\/index.php\/wp-json\/wp\/v2\/comments?post=38274"}],"version-history":[{"count":1,"href":"https:\/\/inces.gob.ve\/index.php\/wp-json\/wp\/v2\/posts\/38274\/revisions"}],"predecessor-version":[{"id":38276,"href":"https:\/\/inces.gob.ve\/index.php\/wp-json\/wp\/v2\/posts\/38274\/revisions\/38276"}],"wp:featuredmedia":[{"embeddable":true,"href":"https:\/\/inces.gob.ve\/index.php\/wp-json\/wp\/v2\/media\/38275"}],"wp:attachment":[{"href":"https:\/\/inces.gob.ve\/index.php\/wp-json\/wp\/v2\/media?parent=38274"}],"wp:term":[{"taxonomy":"category","embeddable":true,"href":"https:\/\/inces.gob.ve\/index.php\/wp-json\/wp\/v2\/categories?post=38274"},{"taxonomy":"post_tag","embeddable":true,"href":"https:\/\/inces.gob.ve\/index.php\/wp-json\/wp\/v2\/tags?post=38274"}],"curies":[{"name":"wp","href":"https:\/\/api.w.org\/{rel}","templated":true}]}}