{"id":38283,"date":"2021-05-07T09:41:06","date_gmt":"2021-05-07T13:41:06","guid":{"rendered":"https:\/\/inces.gob.ve\/?p=38283"},"modified":"2021-05-10T14:35:20","modified_gmt":"2021-05-10T18:35:20","slug":"la-formacion-tecnica-profesional-es-un-camino-hacia-el-desarrollo-sostenible","status":"publish","type":"post","link":"https:\/\/inces.gob.ve\/index.php\/2021\/05\/07\/la-formacion-tecnica-profesional-es-un-camino-hacia-el-desarrollo-sostenible\/","title":{"rendered":"La formaci\u00f3n t\u00e9cnica profesional es un camino hacia el desarrollo sostenible"},"content":{"rendered":"<p style=\"text-align: justify;\"><strong><em><span style=\"font-size: 14pt;\">** La Unesco-Unevoc, personal diplom\u00e1tico y entes hom\u00f3logos al Inces en Am\u00e9rica Latina y el Caribe contribuyen con ideas para la construcci\u00f3n de una pol\u00edtica p\u00fablica que busca incorporar a la formaci\u00f3n profesional en todo el sistema educativo<\/span><\/em><\/strong><!--more--><\/p>\n<p>&nbsp;<\/p>\n<p style=\"text-align: justify;\"><span style=\"font-size: 14pt;\"><b>LONGINA TOVAR<\/b><\/span><\/p>\n<p style=\"text-align: justify;\"><span style=\"font-size: 14pt;\">Con la participaci\u00f3n del Especialista de Programa en Educaci\u00f3n en la Oficina Regional de la Unesco, Dr. Ram\u00f3n Iriarte, el Instituto Nacional de Capacitaci\u00f3n y Educaci\u00f3n Socialista (Inces) celebr\u00f3 el conversatorio internacional <i>La <\/i><i>Educaci\u00f3n y<\/i><i> <\/i><i>F<\/i><i>ormaci\u00f3n <\/i><i>T<\/i><i>\u00e9cnica <\/i><i>P<\/i><i>rofesional, un camino <\/i><i>estrat\u00e9gico hacia el <\/i><i>desarrollo sostenible <\/i><i>en Am\u00e9rica Latina y el Caribe<\/i><i>; <\/i>espacio virtual que buscaba ampliar la visi\u00f3n estrat\u00e9gica de la formaci\u00f3n t\u00e9cnica en la regi\u00f3n.<\/span><\/p>\n<p>&nbsp;<\/p>\n<p style=\"text-align: justify;\"><span style=\"font-size: 14pt;\">El presidente del Inces, Wuikleman Angel, explic\u00f3 que este conversatorio forma parte de un ciclo de charlas que busca construir una pol\u00edtica p\u00fablica que priorice la formaci\u00f3n en oficios (ocupaciones productivas) en todo el sistema nacional de educaci\u00f3n.<\/span><\/p>\n<p>&nbsp;<\/p>\n<p style=\"text-align: justify;\"><span style=\"font-size: 14pt;\">Al respecto, el Dr Iriarte aval\u00f3 la exposici\u00f3n de Angel al asegurar que este tipo de educaci\u00f3n especializada es en definitiva un factor clave para el desarrollo sostenible de los pa\u00edses porque promueve el empleo, el aprendizaje permanente, y contribuye a que las empresas sean m\u00e1s competitivas y que las comunidades puedan desarrollarse.<\/span><\/p>\n<p>&nbsp;<\/p>\n<p style=\"text-align: justify;\"><span style=\"font-size: 14pt;\">Recomend\u00f3 el representante de la Unesco que cualquier pol\u00edtica interna que se proponga desde el Inces tenga coherencia pol\u00edtica, es decir, que est\u00e9 vinculada de forma estrat\u00e9gica con pol\u00edticas nacionales y sectoriales en el campo de la agricultura, el turismo, la industria, la salud, etc. \u201cHay que lograr la articulaci\u00f3n en todos los niveles de gobernanza. Lo nacional con lo regional y todo con lo institucional para hacer que funcione el sistema de formaci\u00f3n de manera eficiente\u201d, dijo<\/span><\/p>\n<p>&nbsp;<\/p>\n<p style=\"text-align: justify;\"><span style=\"font-size: 14pt;\">Resalt\u00f3 la importancia de promover el atractivo de la formaci\u00f3n t\u00e9cnica, \u201cporque hist\u00f3ricamente en muchos pa\u00edses este tipo de educaci\u00f3n ha tenido un estigma donde el acceso a este tipo de formaci\u00f3n est\u00e1 asociado con mentes de menor desempe\u00f1o acad\u00e9mico o socialmente menos favorecido\u201d, contextualiz\u00f3.<\/span><\/p>\n<p>&nbsp;<\/p>\n<p style=\"text-align: justify;\"><span style=\"font-size: 14pt;\">Durante el conversatorio, fue recurrente el tema de la inclusi\u00f3n de los grupos desfavorecidos y vulnerables, entre ellos las mujeres y comunidades ind\u00edgenas. As\u00ed mismo, se escuch\u00f3 la recomendaci\u00f3n de procurar que quienes se incorporen a formarse en cualquier ocupaci\u00f3n productiva hayan alcanzado la educaci\u00f3n b\u00e1sica.<\/span><\/p>\n<p>&nbsp;<\/p>\n<p style=\"text-align: justify;\"><span style=\"font-size: 14pt;\">Entre las ventajas de formarse con el Inces u otros entes hom\u00f3logos en la regi\u00f3n est\u00e1 la posibilidad de movilizaci\u00f3n fuera de las fronteras, ya que los certificados emitidos por estos organismos son reconocidos en un importante n\u00famero de pa\u00edses.<\/span><\/p>\n<p>&nbsp;<\/p>\n<p style=\"text-align: justify;\"><span style=\"font-size: 14pt;\">Para finalizar, explic\u00f3 que gracias al covid-19, los institutos se vieron en la obligaci\u00f3n de despertar su creatividad y mudarse a la formaci\u00f3n virtual, hecho que aceler\u00f3 el proceso del uso de las TICS para la formaci\u00f3n, fen\u00f3meno tecnol\u00f3gico que la ONU apoya y que considera necesario para los tiempos que corren.<\/span><\/p>\n<p>&nbsp;<\/p>\n<p style=\"text-align: justify;\"><span style=\"font-size: 14pt;\">Entre el personal diplom\u00e1tico que estuvo en el evento se cuentan los embajadores de Venezuela en Mozambique y B\u00e9lice , Juan Carlos Fern\u00e1ndez y Gerardo Argote respectivamente, el primer secretario de Venezuela en B\u00e9lice, Ansonith Albano y personal de la embajada de Venezuela en San Vicente y Las Granadinas, todo acompa\u00f1ados por la Canciller\u00eda nacional, incluyendo al Director General de Viceministerio del Caribe, Gustavo D\u00edaz Aular.<\/span><\/p>\n<p>&nbsp;<\/p>\n<p style=\"text-align: justify;\"><span style=\"font-size: 14pt;\">As\u00ed mismo, entre las autoridades nacionales asistieron v\u00eda Zoom los viceministros de Educaci\u00f3n y el Trabajo para la Liberaci\u00f3n y de Sistema de Formaci\u00f3n Comunal y Movimiento Sociales Edgar A. Blanco y Richard Delgado; la Directora General de An\u00e1lisis Comercial y Econ\u00f3mico, Mar\u00eda Cestari.<\/span><\/p>\n<p>&nbsp;<\/p>\n<p style=\"text-align: justify;\"><span style=\"font-size: 14pt;\">Por la Unesco acompa\u00f1\u00f3 la actividad la comisionada para la Comisi\u00f3n de Cooperaci\u00f3n con la Unesco, Ana Karina Hern\u00e1ndez.<\/span><\/p>\n","protected":false},"excerpt":{"rendered":"<p>** La Unesco-Unevoc, personal diplom\u00e1tico y entes hom\u00f3logos al Inces en Am\u00e9rica Latina y el Caribe contribuyen con ideas para la construcci\u00f3n de una pol\u00edtica p\u00fablica que busca incorporar a la formaci\u00f3n profesional en todo el sistema educativo<\/p>\n","protected":false},"author":4,"featured_media":38284,"comment_status":"closed","ping_status":"closed","sticky":false,"template":"","format":"standard","meta":{"footnotes":""},"categories":[2],"tags":[],"class_list":["post-38283","post","type-post","status-publish","format-standard","has-post-thumbnail","hentry","category-blog"],"_links":{"self":[{"href":"https:\/\/inces.gob.ve\/index.php\/wp-json\/wp\/v2\/posts\/38283","targetHints":{"allow":["GET"]}}],"collection":[{"href":"https:\/\/inces.gob.ve\/index.php\/wp-json\/wp\/v2\/posts"}],"about":[{"href":"https:\/\/inces.gob.ve\/index.php\/wp-json\/wp\/v2\/types\/post"}],"author":[{"embeddable":true,"href":"https:\/\/inces.gob.ve\/index.php\/wp-json\/wp\/v2\/users\/4"}],"replies":[{"embeddable":true,"href":"https:\/\/inces.gob.ve\/index.php\/wp-json\/wp\/v2\/comments?post=38283"}],"version-history":[{"count":2,"href":"https:\/\/inces.gob.ve\/index.php\/wp-json\/wp\/v2\/posts\/38283\/revisions"}],"predecessor-version":[{"id":38323,"href":"https:\/\/inces.gob.ve\/index.php\/wp-json\/wp\/v2\/posts\/38283\/revisions\/38323"}],"wp:featuredmedia":[{"embeddable":true,"href":"https:\/\/inces.gob.ve\/index.php\/wp-json\/wp\/v2\/media\/38284"}],"wp:attachment":[{"href":"https:\/\/inces.gob.ve\/index.php\/wp-json\/wp\/v2\/media?parent=38283"}],"wp:term":[{"taxonomy":"category","embeddable":true,"href":"https:\/\/inces.gob.ve\/index.php\/wp-json\/wp\/v2\/categories?post=38283"},{"taxonomy":"post_tag","embeddable":true,"href":"https:\/\/inces.gob.ve\/index.php\/wp-json\/wp\/v2\/tags?post=38283"}],"curies":[{"name":"wp","href":"https:\/\/api.w.org\/{rel}","templated":true}]}}