{"id":38338,"date":"2021-05-11T11:22:21","date_gmt":"2021-05-11T15:22:21","guid":{"rendered":"https:\/\/inces.gob.ve\/?p=38338"},"modified":"2021-05-11T11:22:21","modified_gmt":"2021-05-11T15:22:21","slug":"merida-inces-iniciara-formacion-a-cuadrillas-de-minaguas","status":"publish","type":"post","link":"https:\/\/inces.gob.ve\/index.php\/2021\/05\/11\/merida-inces-iniciara-formacion-a-cuadrillas-de-minaguas\/","title":{"rendered":"M\u00c9RIDA | Inces iniciar\u00e1 formaci\u00f3n a cuadrillas de Minaguas"},"content":{"rendered":"<p align=\"justify\"><span style=\"font-size: 14pt;\"><span style=\"color: #000000;\"><span style=\"font-family: Arial, sans-serif;\"><i><strong>** Tambi\u00e9n se acord\u00f3 que el Inces trabajar\u00e1 en el dise\u00f1o y creaci\u00f3n de la Unidad Curricular: Manejo de Cuencas, para complementar el adiestramiento<\/strong> <\/i><\/span><\/span><!--more--><\/span><\/p>\n<p align=\"justify\">\n<p align=\"justify\"><span style=\"color: #000000; font-size: 14pt;\"><span style=\"font-family: Arial, sans-serif;\"><b>NADIA LOBO<\/b><\/span><\/span><\/p>\n<p align=\"justify\"><span style=\"color: #000000; font-size: 14pt;\"><span style=\"font-family: Arial, sans-serif;\">Entre el Ministerio del Poder Popular para la Atenci\u00f3n de las Aguas (Minaguas) y el Inces-M\u00e9rida se acord\u00f3 en un primer encuentro, una alianza de trabajo, que permitir\u00e1 la formaci\u00f3n y la capacitaci\u00f3n de las cuatro cuadrilla para un total 32 trabajadores meride\u00f1os.<\/span><\/span><\/p>\n<p align=\"justify\">\n<p align=\"justify\"><span style=\"color: #000000; font-size: 14pt;\"><span style=\"font-family: Arial, sans-serif;\"> As\u00ed lo inform\u00f3 la Jefe de Formaci\u00f3n Profesional del Inces-M\u00e9rida, Yadira Zerpa, quien tras sostener reuni\u00f3n con la Directora de MInaguas-M\u00e9rida, Ligia Gal\u00edz, se dej\u00f3 claro el compromiso de ambas instituciones, no solo, por mejorar los servicios de relacionados con las aguas, sino la capacitaci\u00f3n y adiestramiento t\u00e9cnico de sus trabajadores. <\/span><\/span><\/p>\n<p align=\"justify\">\n<p align=\"justify\"><span style=\"color: #000000; font-size: 14pt;\"><span style=\"font-family: Arial, sans-serif;\"> Indic\u00f3 igualmente, en una primera fase se iniciar\u00e1 la capacitaci\u00f3n de cuatro cuadrillas conformadas por 8 trabajadores cada una, quienes recibir\u00e1n formaci\u00f3n en plomer\u00eda, electricidad, alba\u00f1iler\u00eda, entre otros cursos, que permitan mejorar la capacidad de respuesta de los servicios que le competen al Ministerio de Aguas.<\/span><\/span><\/p>\n<p align=\"justify\">\n<p align=\"justify\"><span style=\"color: #000000; font-size: 14pt;\"><span style=\"font-family: Arial, sans-serif;\"> Por su parte, el gerente regional del Inces, Geldrit Roca, destac\u00f3 que esta instituci\u00f3n educativa, sigue comprometida en formaci\u00f3n, instrucci\u00f3n y capacitaci\u00f3n t\u00e9cnica de la clase trabajadora, tanto de la empresa p\u00fablica, como privadas que hace vida en la entidad meride\u00f1a. <\/span><\/span><\/p>\n<p align=\"justify\">\n<p align=\"justify\"><span style=\"color: #000000; font-size: 14pt;\"><span style=\"font-family: Arial, sans-serif;\"> Explic\u00f3, otro de los compromisos asumidos por el Inces con Minaguas, ser\u00e1 el dise\u00f1o y creaci\u00f3n de la Unidad Curricular: Manejo de Cuencas, para complementar el adiestramiento que permita ejecutar entre otras tareas, jornadas de limpieza en r\u00edos, quebradas y sus afluentes para prevenir posibles desbordamientos e inundaciones, a prop\u00f3sito del inicio de la temporada de lluvia en la zona andina.<\/span><\/span><\/p>\n<p align=\"justify\">\n<p align=\"justify\"><span style=\"color: #000000; font-size: 14pt;\"><span style=\"font-family: Arial, sans-serif;\">\u00a0<\/span><\/span><\/p>\n","protected":false},"excerpt":{"rendered":"<p>** Tambi\u00e9n se acord\u00f3 que el Inces trabajar\u00e1 en el dise\u00f1o y creaci\u00f3n de la Unidad Curricular: Manejo de Cuencas, para complementar el adiestramiento<\/p>\n","protected":false},"author":4,"featured_media":38339,"comment_status":"closed","ping_status":"closed","sticky":false,"template":"","format":"standard","meta":{"footnotes":""},"categories":[2],"tags":[315],"class_list":["post-38338","post","type-post","status-publish","format-standard","has-post-thumbnail","hentry","category-blog","tag-agua"],"_links":{"self":[{"href":"https:\/\/inces.gob.ve\/index.php\/wp-json\/wp\/v2\/posts\/38338","targetHints":{"allow":["GET"]}}],"collection":[{"href":"https:\/\/inces.gob.ve\/index.php\/wp-json\/wp\/v2\/posts"}],"about":[{"href":"https:\/\/inces.gob.ve\/index.php\/wp-json\/wp\/v2\/types\/post"}],"author":[{"embeddable":true,"href":"https:\/\/inces.gob.ve\/index.php\/wp-json\/wp\/v2\/users\/4"}],"replies":[{"embeddable":true,"href":"https:\/\/inces.gob.ve\/index.php\/wp-json\/wp\/v2\/comments?post=38338"}],"version-history":[{"count":1,"href":"https:\/\/inces.gob.ve\/index.php\/wp-json\/wp\/v2\/posts\/38338\/revisions"}],"predecessor-version":[{"id":38340,"href":"https:\/\/inces.gob.ve\/index.php\/wp-json\/wp\/v2\/posts\/38338\/revisions\/38340"}],"wp:featuredmedia":[{"embeddable":true,"href":"https:\/\/inces.gob.ve\/index.php\/wp-json\/wp\/v2\/media\/38339"}],"wp:attachment":[{"href":"https:\/\/inces.gob.ve\/index.php\/wp-json\/wp\/v2\/media?parent=38338"}],"wp:term":[{"taxonomy":"category","embeddable":true,"href":"https:\/\/inces.gob.ve\/index.php\/wp-json\/wp\/v2\/categories?post=38338"},{"taxonomy":"post_tag","embeddable":true,"href":"https:\/\/inces.gob.ve\/index.php\/wp-json\/wp\/v2\/tags?post=38338"}],"curies":[{"name":"wp","href":"https:\/\/api.w.org\/{rel}","templated":true}]}}