{"id":38341,"date":"2021-05-11T10:44:05","date_gmt":"2021-05-11T14:44:05","guid":{"rendered":"https:\/\/inces.gob.ve\/?p=38341"},"modified":"2021-05-11T11:47:45","modified_gmt":"2021-05-11T15:47:45","slug":"barinas-inces-se-suma-al-desarrollo-de-la-ruta-del-gobierno-popular-de-las-aguas","status":"publish","type":"post","link":"https:\/\/inces.gob.ve\/index.php\/2021\/05\/11\/barinas-inces-se-suma-al-desarrollo-de-la-ruta-del-gobierno-popular-de-las-aguas\/","title":{"rendered":"BARINAS | Inces se suma al desarrollo de la \u201cRuta del Gobierno Popular de las Aguas\u201d"},"content":{"rendered":"<p style=\"text-align: justify;\"><span style=\"font-size: 14pt;\"><em>** Poder popular organizado a trav\u00e9s de la formaci\u00f3n y acreditaci\u00f3n de saberes en funci\u00f3n de la protecci\u00f3n de las aguas<\/em><!--more--><\/span><\/p>\n<p style=\"text-align: justify;\">\n<p style=\"text-align: justify;\"><span style=\"font-size: 14pt;\"><strong>HIRASYANEL BAYONA<\/strong><\/span><\/p>\n<p style=\"text-align: justify;\">\n<span style=\"font-size: 14pt;\">Inces Barinas participa en la \u201cRuta del Gobierno Popular de las Aguas\u201d para la capacitaci\u00f3n y formaci\u00f3n de quienes conformar\u00e1n los promotores integrales, cuadrillas comunitarias y brigadas de protecci\u00f3n y resguardo de las aguas.<\/span><\/p>\n<p>&nbsp;<\/p>\n<p style=\"text-align: justify;\"><span style=\"font-size: 14pt;\">\u00c1lvaro Oviedo, gerente regional del Inces, y Alejandro Flores, jefe de formaci\u00f3n profesional regional, participaron en encuentro con representantes de los dem\u00e1s entes involucrados, tales como: Ministerio del Poder Popular de Atenci\u00f3n a las Aguas (MPPAA), el Ministerio del Poder Popular para las Comunas y Movimientos Sociales (MPPCyMS), el Ministerio del Poder Popular para la Juventud y Deporte (MPPJD) y el Ministerio para el Poder Popular de Pueblos Ind\u00edgenas (MPPPI).<\/span><\/p>\n<p>&nbsp;<\/p>\n<p style=\"text-align: justify;\"><span style=\"font-size: 14pt;\">Oviedo explic\u00f3 que se proceder\u00e1 a realizar una campa\u00f1a de captaci\u00f3n de J\u00f3venes Aprendices INCES entre 14 a 18 a\u00f1os de edad para formarlos en el \u00e1rea h\u00eddrica del pa\u00eds, en el marco de la Gran Misi\u00f3n Chamba Juvenil, as\u00ed como la caracterizaci\u00f3n, formaci\u00f3n, adiestramiento, acreditaci\u00f3n de saberes a j\u00f3venes y adultos, propuestos desde el Poder Popular en oficios priorizados, entre los que est\u00e1n: Mec\u00e1nica industrial, Electromec\u00e1nica, Soldadura, Electricista en embobinado de motores, Operadores de estaciones de bombeo, Alba\u00f1iler\u00eda, Electricidad de media y baja tensi\u00f3n, Rebobinado de motores y motores el\u00e9ctricos.<\/span><\/p>\n<p>&nbsp;<\/p>\n<p style=\"text-align: justify;\"><span style=\"font-size: 14pt;\">De igual forma Oviedo mencion\u00f3 que la Ruta del Gobierno Popular de las Agua pretende avanzar con el plan de Formaci\u00f3n e inserci\u00f3n laboral en las \u00e1reas antes mencionadas las cuales buscan fortalecer la mano de obra calificada de nuestro Sistema H\u00eddrico Nacional.<\/span><\/p>\n<p>&nbsp;<\/p>\n<p style=\"text-align: justify;\"><span style=\"font-size: 14pt;\">Inces Barinas, siempre responsable ante sus compromisos, se suma a esta nueva batalla para seguir aportando en la formaci\u00f3n t\u00e9cnica profesional de los barineses, y como siempre puesta al servicio de la construcci\u00f3n del nuevo y mejorado modelo econ\u00f3mico socialista, que busca fortalecer el bienestar social e igualitario de la mano del Poder Popular organizado.<\/span><\/p>\n","protected":false},"excerpt":{"rendered":"<p>** Poder popular organizado a trav\u00e9s de la formaci\u00f3n y acreditaci\u00f3n de saberes en funci\u00f3n de la protecci\u00f3n de las aguas<\/p>\n","protected":false},"author":4,"featured_media":38342,"comment_status":"closed","ping_status":"closed","sticky":false,"template":"","format":"standard","meta":{"footnotes":""},"categories":[2],"tags":[315],"class_list":["post-38341","post","type-post","status-publish","format-standard","has-post-thumbnail","hentry","category-blog","tag-agua"],"_links":{"self":[{"href":"https:\/\/inces.gob.ve\/index.php\/wp-json\/wp\/v2\/posts\/38341","targetHints":{"allow":["GET"]}}],"collection":[{"href":"https:\/\/inces.gob.ve\/index.php\/wp-json\/wp\/v2\/posts"}],"about":[{"href":"https:\/\/inces.gob.ve\/index.php\/wp-json\/wp\/v2\/types\/post"}],"author":[{"embeddable":true,"href":"https:\/\/inces.gob.ve\/index.php\/wp-json\/wp\/v2\/users\/4"}],"replies":[{"embeddable":true,"href":"https:\/\/inces.gob.ve\/index.php\/wp-json\/wp\/v2\/comments?post=38341"}],"version-history":[{"count":1,"href":"https:\/\/inces.gob.ve\/index.php\/wp-json\/wp\/v2\/posts\/38341\/revisions"}],"predecessor-version":[{"id":38343,"href":"https:\/\/inces.gob.ve\/index.php\/wp-json\/wp\/v2\/posts\/38341\/revisions\/38343"}],"wp:featuredmedia":[{"embeddable":true,"href":"https:\/\/inces.gob.ve\/index.php\/wp-json\/wp\/v2\/media\/38342"}],"wp:attachment":[{"href":"https:\/\/inces.gob.ve\/index.php\/wp-json\/wp\/v2\/media?parent=38341"}],"wp:term":[{"taxonomy":"category","embeddable":true,"href":"https:\/\/inces.gob.ve\/index.php\/wp-json\/wp\/v2\/categories?post=38341"},{"taxonomy":"post_tag","embeddable":true,"href":"https:\/\/inces.gob.ve\/index.php\/wp-json\/wp\/v2\/tags?post=38341"}],"curies":[{"name":"wp","href":"https:\/\/api.w.org\/{rel}","templated":true}]}}