{"id":38399,"date":"2021-05-18T01:47:14","date_gmt":"2021-05-18T05:47:14","guid":{"rendered":"https:\/\/inces.gob.ve\/?p=38399"},"modified":"2021-05-17T19:47:25","modified_gmt":"2021-05-17T23:47:25","slug":"carabobo-inicia-curso-de-electricidad-en-centro-por-la-paz-y-la-vida","status":"publish","type":"post","link":"https:\/\/inces.gob.ve\/index.php\/2021\/05\/18\/carabobo-inicia-curso-de-electricidad-en-centro-por-la-paz-y-la-vida\/","title":{"rendered":"CARABOBO | Inicia curso de Electricidad en Centro por la Paz y la Vida"},"content":{"rendered":"<p lang=\"es-VE\" style=\"text-align: justify;\"><em><span style=\"font-size: 14pt;\"><strong>** Los cursos del Inces son recibidos no solo en los centros de formaci\u00f3n, sino tambi\u00e9n en las comunidades y en las entidades de trabajo<\/strong><\/span><\/em><!--more--><\/p>\n<p lang=\"es-VE\" style=\"text-align: justify;\"><span style=\"font-family: Times New Roman, serif; font-size: 14pt;\"><b>ATILIA CORTEZ CA\u00d1ADAS<\/b><\/span><\/p>\n<p lang=\"es-VE\" style=\"text-align: justify;\"><span style=\"color: #222222; font-size: 14pt;\"><span style=\"font-family: Lato, Times New Roman, serif;\">Tras previos acuerdos entre el Centro de Formaci\u00f3n Socialista (CFS) Bicentenario del Inces Carabobo con la Oficina de Atenci\u00f3n para la Familia que funciona en el Centro por la Paz y la Vida se concret\u00f3 el inicio del Curso de Electricidad que ser\u00e1 dirigido por el maestro t\u00e9cnico productivo (MTP) o profesor Juan Ram\u00f3n Ortega Gonz\u00e1lez.<\/span><\/span><\/p>\n<p lang=\"es-VE\" style=\"text-align: justify;\"><span style=\"font-family: Times New Roman, serif; font-size: 14pt;\"><span style=\"color: #222222;\"><span style=\"font-family: Lato, Times New Roman, serif;\">En la primera clase del curso, el MTP Juan Ortega Gonz\u00e1lez habl\u00f3 a los participantes, provenientes de las comunidades de Bella Florida y otros sectores, sobre la importancia de aprender electricidad (teor\u00eda y pr\u00e1ctica), que les permitir\u00e1 no s\u00f3lo emprender una actividad socioproductiva, sino tambi\u00e9n atender cualquier problema el\u00e9ctrico en el hogar.\u00a0\u00a0<\/span><\/span><\/span><\/p>\n<p lang=\"es-VE\" style=\"text-align: justify;\"><span style=\"color: #222222; font-size: 14pt;\"><span style=\"font-family: Lato, Times New Roman, serif;\">Dada la cantidad de participantes, entre varones y hembras, y como medida de prevenci\u00f3n en la batalla contra el covid-19, el curso se dividi\u00f3 en dos grupos: 1er. grupo: lunes y martes: 2do grupo: mi\u00e9rcoles y jueves. Con estricto cumplimiento de las normas de bioseguridad para evitar la infecci\u00f3n y propagaci\u00f3n del coronavirus.<\/span><\/span><\/p>\n<p lang=\"es-VE\" style=\"text-align: justify;\"><span style=\"color: #222222; font-size: 14pt;\"><span style=\"font-family: Lato, Times New Roman, serif;\">Finalmente, Ortega destac\u00f3 la importancia de formarse desde la juventud en un oficio y es aqu\u00ed \u201cque desde el Inces les facilitamos y hacemos llegar los cursos hasta las comunidades, a las entidades de trabajo entre otros de los \u00e1mbitos de formaci\u00f3n adem\u00e1s de nuestros CFS\u201d<\/span><\/span><\/p>\n<p class=\"western\" lang=\"es-VE\" style=\"text-align: justify;\">\n","protected":false},"excerpt":{"rendered":"<p>** Los cursos del Inces son recibidos no solo en los centros de formaci\u00f3n, sino tambi\u00e9n en las comunidades y en las entidades de trabajo<\/p>\n","protected":false},"author":4,"featured_media":38401,"comment_status":"closed","ping_status":"closed","sticky":false,"template":"","format":"standard","meta":{"footnotes":""},"categories":[2],"tags":[91],"class_list":["post-38399","post","type-post","status-publish","format-standard","has-post-thumbnail","hentry","category-blog","tag-carabobo"],"_links":{"self":[{"href":"https:\/\/inces.gob.ve\/index.php\/wp-json\/wp\/v2\/posts\/38399","targetHints":{"allow":["GET"]}}],"collection":[{"href":"https:\/\/inces.gob.ve\/index.php\/wp-json\/wp\/v2\/posts"}],"about":[{"href":"https:\/\/inces.gob.ve\/index.php\/wp-json\/wp\/v2\/types\/post"}],"author":[{"embeddable":true,"href":"https:\/\/inces.gob.ve\/index.php\/wp-json\/wp\/v2\/users\/4"}],"replies":[{"embeddable":true,"href":"https:\/\/inces.gob.ve\/index.php\/wp-json\/wp\/v2\/comments?post=38399"}],"version-history":[{"count":2,"href":"https:\/\/inces.gob.ve\/index.php\/wp-json\/wp\/v2\/posts\/38399\/revisions"}],"predecessor-version":[{"id":38403,"href":"https:\/\/inces.gob.ve\/index.php\/wp-json\/wp\/v2\/posts\/38399\/revisions\/38403"}],"wp:featuredmedia":[{"embeddable":true,"href":"https:\/\/inces.gob.ve\/index.php\/wp-json\/wp\/v2\/media\/38401"}],"wp:attachment":[{"href":"https:\/\/inces.gob.ve\/index.php\/wp-json\/wp\/v2\/media?parent=38399"}],"wp:term":[{"taxonomy":"category","embeddable":true,"href":"https:\/\/inces.gob.ve\/index.php\/wp-json\/wp\/v2\/categories?post=38399"},{"taxonomy":"post_tag","embeddable":true,"href":"https:\/\/inces.gob.ve\/index.php\/wp-json\/wp\/v2\/tags?post=38399"}],"curies":[{"name":"wp","href":"https:\/\/api.w.org\/{rel}","templated":true}]}}