{"id":38404,"date":"2021-05-18T00:10:44","date_gmt":"2021-05-18T04:10:44","guid":{"rendered":"https:\/\/inces.gob.ve\/?p=38404"},"modified":"2021-05-17T19:54:57","modified_gmt":"2021-05-17T23:54:57","slug":"aragua-inces-exhibio-sistema-oleohidraulico-y-neumatico","status":"publish","type":"post","link":"https:\/\/inces.gob.ve\/index.php\/2021\/05\/18\/aragua-inces-exhibio-sistema-oleohidraulico-y-neumatico\/","title":{"rendered":"ARAGUA | Inces exhibi\u00f3 sistema oleohidr\u00e1ulico y neum\u00e1tico"},"content":{"rendered":"<p style=\"text-align: justify;\"><span style=\"font-size: 14pt;\">** El<\/span><span style=\"font-size: 14pt;\"> viceministro Jorge P\u00e9rez acompa\u00f1\u00f3 la actividad, en la cual se rindi\u00f3 homenaje al maestro Arist\u00f3bulo Ist\u00fariz<\/span><!--more--><\/p>\n<p>&nbsp;<\/p>\n<p>&nbsp;<\/p>\n<p style=\"text-align: justify;\"><strong><span style=\"font-size: 14pt;\">NINOSKA ANGELINA PATRIZ SU\u00c1REZ<br \/>\n<\/span><\/strong><\/p>\n<p style=\"text-align: justify;\"><span style=\"font-size: 14pt;\">Desde el liceo Carlos Manuel Arrieta, municipio Girardot, en el marco de del Reto Estudiantil por amor y lealtad a la Patria y rumbo al Bicentenario Carabobo 200 acompa\u00f1amos al viceministro de Comunidades Educativas y Uni\u00f3n con el Pueblo, Jorge P\u00e9rez, con la exposici\u00f3n did\u00e1ctica de sistema Oleohidr\u00e1ulico y Neum\u00e1tico, cuya explicaci\u00f3n estuvo a cargo del ingeniero Oliver Medina, gerente del Inces Aragua, en compa\u00f1\u00eda del jefe de Centro de Inces Berm\u00fadez, Juan Chirinos, quien resalt\u00f3: \u201cEsta maquinaria es solo un ejemplo de la fuerza tecnol\u00f3gica con la cual cuenta nuestra instituci\u00f3n como estrategia formativa de la patria\u00bb.<\/span><\/p>\n<p>&nbsp;<\/p>\n<p style=\"text-align: justify;\"><span style=\"font-size: 14pt;\">Durante la actividad Medina resalt\u00f3 que: \u201cNuestra misi\u00f3n y responsabilidad reposa en los 250.000 chambistas encomendados por Ejecutivo Nacional para impulsar el motor productivo en todas las \u00e1reas del saber y oficios que brindamos.<\/span><\/p>\n<p>&nbsp;<\/p>\n<p style=\"text-align: justify;\"><span style=\"font-size: 14pt;\">Por su parte, el viceministro Jorge P\u00e9rez resalt\u00f3 la importancia del Inces para los j\u00f3venes en cuanto al relanzamiento de la nueva etapa Chamba Juvenil, el apoyo al plan Chamba T\u00e9cnica y de Oficios, as\u00ed como el Plan de Formaci\u00f3n para los Nuevos Oficios Tecnol\u00f3gicos.<\/span><\/p>\n<p>&nbsp;<\/p>\n<p style=\"text-align: justify;\"><span style=\"font-size: 14pt;\">De acuerdo con la profesora Maigualida Arismendi, jefa de la Divisi\u00f3n Regional de la Zona Educativa, quien dio inicio a la actividad en homenaje al maestro Arist\u00f3bulo Ist\u00fariz, se cont\u00f3 con m\u00e1s de 20 instituciones educativas, quienes cumpliendo con las debidas medidas de bioseguridad correspondientes, compartieron sus saberes y experiencias en torno al tema de actividades estrat\u00e9gicas de Geograf\u00eda Historia y Ciudadan\u00eda, (G,H,C). Tambi\u00e9n asistieron la Organizaci\u00f3n Bolivariana Estudiantil (OBE), La Federaci\u00f3n Venezolana de Estudiantes de Educaci\u00f3n Media y el Movimiento Bolivariano de Familias.<\/span><\/p>\n<p>&nbsp;<\/p>\n<p style=\"text-align: justify;\"><span style=\"font-size: 14pt;\">Del mismo modo, se realiz\u00f3 una exhibici\u00f3n de parada con los j\u00f3venes de Instrucci\u00f3n Premilitar y formaci\u00f3n para la soberan\u00eda nacional, orientados por el profesor Jos\u00e9 Javier Ortega y bajo la Direcci\u00f3n Estadal del Coronel Obreg\u00f3n Rixio posterior al recibimiento del viceministro y de la lectura de una rese\u00f1a hist\u00f3rica de la Batalla de Carabobo, a cargo de Nicol Castillo, estudiante de 2\u00b0 a\u00f1o e integrante de la estudiantina Federico Villena, que tambi\u00e9n acompa\u00f1\u00f3 la actividad teatral Mujer Bolivariana, por la coordinaci\u00f3n de Cultura Cesar Rengifo<\/span><\/p>\n","protected":false},"excerpt":{"rendered":"<p>** El viceministro Jorge P\u00e9rez acompa\u00f1\u00f3 la actividad, en la cual se rindi\u00f3 homenaje al maestro Arist\u00f3bulo Ist\u00fariz<\/p>\n","protected":false},"author":4,"featured_media":38405,"comment_status":"closed","ping_status":"closed","sticky":false,"template":"","format":"standard","meta":{"footnotes":""},"categories":[2],"tags":[],"class_list":["post-38404","post","type-post","status-publish","format-standard","has-post-thumbnail","hentry","category-blog"],"_links":{"self":[{"href":"https:\/\/inces.gob.ve\/index.php\/wp-json\/wp\/v2\/posts\/38404","targetHints":{"allow":["GET"]}}],"collection":[{"href":"https:\/\/inces.gob.ve\/index.php\/wp-json\/wp\/v2\/posts"}],"about":[{"href":"https:\/\/inces.gob.ve\/index.php\/wp-json\/wp\/v2\/types\/post"}],"author":[{"embeddable":true,"href":"https:\/\/inces.gob.ve\/index.php\/wp-json\/wp\/v2\/users\/4"}],"replies":[{"embeddable":true,"href":"https:\/\/inces.gob.ve\/index.php\/wp-json\/wp\/v2\/comments?post=38404"}],"version-history":[{"count":1,"href":"https:\/\/inces.gob.ve\/index.php\/wp-json\/wp\/v2\/posts\/38404\/revisions"}],"predecessor-version":[{"id":38406,"href":"https:\/\/inces.gob.ve\/index.php\/wp-json\/wp\/v2\/posts\/38404\/revisions\/38406"}],"wp:featuredmedia":[{"embeddable":true,"href":"https:\/\/inces.gob.ve\/index.php\/wp-json\/wp\/v2\/media\/38405"}],"wp:attachment":[{"href":"https:\/\/inces.gob.ve\/index.php\/wp-json\/wp\/v2\/media?parent=38404"}],"wp:term":[{"taxonomy":"category","embeddable":true,"href":"https:\/\/inces.gob.ve\/index.php\/wp-json\/wp\/v2\/categories?post=38404"},{"taxonomy":"post_tag","embeddable":true,"href":"https:\/\/inces.gob.ve\/index.php\/wp-json\/wp\/v2\/tags?post=38404"}],"curies":[{"name":"wp","href":"https:\/\/api.w.org\/{rel}","templated":true}]}}