{"id":38483,"date":"2021-05-21T18:40:51","date_gmt":"2021-05-21T22:40:51","guid":{"rendered":"https:\/\/inces.gob.ve\/?p=38483"},"modified":"2021-05-21T18:40:51","modified_gmt":"2021-05-21T22:40:51","slug":"conversatorio-sobre-el-uso-de-las-tic-en-la-formacion-estara-abierto-a-todo-publico","status":"publish","type":"post","link":"https:\/\/inces.gob.ve\/index.php\/2021\/05\/21\/conversatorio-sobre-el-uso-de-las-tic-en-la-formacion-estara-abierto-a-todo-publico\/","title":{"rendered":"Conversatorio sobre el uso de las TIC en la formaci\u00f3n estar\u00e1 abierto a todo p\u00fablico"},"content":{"rendered":"<p style=\"text-align: justify;\"><em><span style=\"font-size: 14pt;\">** El Inces trabaja en la construcci\u00f3n de una pol\u00edtica p\u00fablica que permita la inserci\u00f3n de la formaci\u00f3n t\u00e9cnica profesional en todo el sistema educativo<\/span><\/em><!--more--><\/p>\n<p>&nbsp;<\/p>\n<p><strong><span style=\"font-size: 14pt;\">LONGINA TOVAR<\/span><\/strong><\/p>\n<p style=\"text-align: justify;\"><span style=\"font-size: 14pt;\">Reflexi\u00f3n sobre las TIC y la Formaci\u00f3n T\u00e9cnica Profesional ser\u00e1 el tema principal del conversatorio que organiza el Instituto Nacional de Capacitaci\u00f3n y Educaci\u00f3n Socialista (Inces) y que ser\u00e1 transmitido por redes sociales este martes 25 de mayo de 11:00 a.m. a 12:00m.<\/span><\/p>\n<p>&nbsp;<\/p>\n<p style=\"text-align: justify;\"><span style=\"font-size: 14pt;\">El especialista invitado ser\u00e1 el viceministro para la Comunalizaci\u00f3n de la Ciencia para la Producci\u00f3n, Salvador Lugo, quien disertar\u00e1 acerca de la incorporaci\u00f3n de las tecnolog\u00edas de la informaci\u00f3n y la comunicaci\u00f3n como herramienta para llevar adelante los procesos formativos.<\/span><\/p>\n<p>&nbsp;<\/p>\n<p style=\"text-align: justify;\"><span style=\"font-size: 14pt;\">Los interesados en seguir la transmisi\u00f3n podr\u00e1n conectarse v\u00eda YouTube o Instagram en las cuentas incessocialista; tambi\u00e9n podr\u00e1n acceder v\u00eda Zoom con el ID 84121903450; c\u00f3digo de acceso 887997.<\/span><\/p>\n<p>&nbsp;<\/p>\n<p style=\"text-align: justify;\"><span style=\"font-size: 14pt;\">Esta actividad forma parte de un ciclo de conversatorios que viene organizando el Inces como estrategia metodol\u00f3gica para fortalecer el sistema nacional de formaci\u00f3n profesional, espacio que tributa a la consolidaci\u00f3n del proyecto que busca postular la formaci\u00f3n t\u00e9cnica como \u00e1mbito de estudio obligatorio en todos los niveles de la educaci\u00f3n formal.<\/span><\/p>\n","protected":false},"excerpt":{"rendered":"<p>** El Inces trabaja en la construcci\u00f3n de una pol\u00edtica p\u00fablica que permita la inserci\u00f3n de la formaci\u00f3n t\u00e9cnica profesional en todo el sistema educativo<\/p>\n","protected":false},"author":4,"featured_media":38484,"comment_status":"closed","ping_status":"closed","sticky":false,"template":"","format":"standard","meta":{"footnotes":""},"categories":[2],"tags":[262],"class_list":["post-38483","post","type-post","status-publish","format-standard","has-post-thumbnail","hentry","category-blog","tag-politicapublica"],"_links":{"self":[{"href":"https:\/\/inces.gob.ve\/index.php\/wp-json\/wp\/v2\/posts\/38483","targetHints":{"allow":["GET"]}}],"collection":[{"href":"https:\/\/inces.gob.ve\/index.php\/wp-json\/wp\/v2\/posts"}],"about":[{"href":"https:\/\/inces.gob.ve\/index.php\/wp-json\/wp\/v2\/types\/post"}],"author":[{"embeddable":true,"href":"https:\/\/inces.gob.ve\/index.php\/wp-json\/wp\/v2\/users\/4"}],"replies":[{"embeddable":true,"href":"https:\/\/inces.gob.ve\/index.php\/wp-json\/wp\/v2\/comments?post=38483"}],"version-history":[{"count":1,"href":"https:\/\/inces.gob.ve\/index.php\/wp-json\/wp\/v2\/posts\/38483\/revisions"}],"predecessor-version":[{"id":38485,"href":"https:\/\/inces.gob.ve\/index.php\/wp-json\/wp\/v2\/posts\/38483\/revisions\/38485"}],"wp:featuredmedia":[{"embeddable":true,"href":"https:\/\/inces.gob.ve\/index.php\/wp-json\/wp\/v2\/media\/38484"}],"wp:attachment":[{"href":"https:\/\/inces.gob.ve\/index.php\/wp-json\/wp\/v2\/media?parent=38483"}],"wp:term":[{"taxonomy":"category","embeddable":true,"href":"https:\/\/inces.gob.ve\/index.php\/wp-json\/wp\/v2\/categories?post=38483"},{"taxonomy":"post_tag","embeddable":true,"href":"https:\/\/inces.gob.ve\/index.php\/wp-json\/wp\/v2\/tags?post=38483"}],"curies":[{"name":"wp","href":"https:\/\/api.w.org\/{rel}","templated":true}]}}