{"id":38491,"date":"2021-05-24T07:57:17","date_gmt":"2021-05-24T11:57:17","guid":{"rendered":"https:\/\/inces.gob.ve\/?p=38491"},"modified":"2021-05-24T07:57:17","modified_gmt":"2021-05-24T11:57:17","slug":"cojedes-hidrocentro-recibe-capacitacion-del-inces","status":"publish","type":"post","link":"https:\/\/inces.gob.ve\/index.php\/2021\/05\/24\/cojedes-hidrocentro-recibe-capacitacion-del-inces\/","title":{"rendered":"COJEDES | Hidrocentro recibe capacitaci\u00f3n del Inces"},"content":{"rendered":"<p class=\"western\" lang=\"es-VE\" style=\"text-align: justify;\" align=\"justify\"><span style=\"font-size: 14pt;\"><i>** Aspecto conceptuales, t\u00e9cnicos y legales fueron abordados con la finalidad de conocer situaciones de riesgo laboral y las medidas de prevenci\u00f3n <\/i><\/span><!--more--><\/p>\n<p lang=\"es-VE\" align=\"justify\">\n<p lang=\"es-VE\" align=\"justify\">\n<p class=\"western\" lang=\"es-VE\" style=\"text-align: justify;\" align=\"justify\"><span style=\"font-size: 14pt;\">La clase trabajadora de Hidrol\u00f3gica del Centro (Hidrocentro), en el estado Cojedes, recibi\u00f3 orientaciones a trav\u00e9s del curso Seguridad industrial y ambiente de trabajo, en una jornada semipresencial en la que estuvo presente el maestro t\u00e9cnico productivo Carlos Colmenares y en donde se cumplieron las normas de seguridad establecidas para prevenir los contagios con el covid-19.<\/span><\/p>\n<p lang=\"es-VE\" align=\"justify\">\n<p class=\"western\" lang=\"es-VE\" style=\"text-align: justify;\" align=\"justify\"><span style=\"font-size: 14pt;\">En esta oportunidad, la jefa de Talento Humano de Hidrocentro, Beiglys Dayana Torres, indic\u00f3 que viene realizando un enlace permanente con el Inces debido a la necesidad de cumplir con la clase trabajadora en aspectos formativos. En esta oportunidad est\u00e1n recibiendo capacitaci\u00f3n en habilidades y destrezas en el campo de la seguridad industrial y todo lo concerniente al empoderamiento en el conocimiento de las leyes, reglamentos y todo el aspecto t\u00e9cnico relacionado al tema.<\/span><\/p>\n<p lang=\"es-VE\" align=\"justify\">\n<p class=\"western\" lang=\"es-VE\" style=\"text-align: justify;\" align=\"justify\"><span style=\"font-size: 14pt;\">Por su parte, el maestro Colmenares hizo \u00e9nfasis en la terminolog\u00eda como lo es accidente de trabajo, contingencia, enfermedad ocupacional, ergonom\u00eda, incidente, lesiones, riesgos biol\u00f3gico y qu\u00edmicos; as\u00ed como tambi\u00e9n lo referente a primeros auxilios, los equipos e instrumentos de protecci\u00f3n y control.<\/span><\/p>\n<p lang=\"es-VE\" align=\"justify\">\n<p class=\"western\" lang=\"es-VE\" style=\"text-align: justify;\" align=\"justify\"><span style=\"font-size: 14pt;\">El curso estuvo destinado a un colectivo de 12 trabajadores de distintas \u00e1reas y en los pr\u00f3ximos d\u00edas se continuar\u00e1 con otras formaciones hasta cumplir con el plan formativo requerido por Hidrocentro para su clase trabajadora.<\/span><\/p>\n<p class=\"western\" lang=\"es-VE\" style=\"text-align: justify;\" align=\"justify\"><b><span style=\"font-size: 14pt;\"><br \/>\n<\/span> <\/b><\/p>\n","protected":false},"excerpt":{"rendered":"<p>** Aspecto conceptuales, t\u00e9cnicos y legales fueron abordados con la finalidad de conocer situaciones de riesgo laboral y las medidas de prevenci\u00f3n<\/p>\n","protected":false},"author":4,"featured_media":38492,"comment_status":"closed","ping_status":"closed","sticky":false,"template":"","format":"standard","meta":{"footnotes":""},"categories":[2],"tags":[224,327,310],"class_list":["post-38491","post","type-post","status-publish","format-standard","has-post-thumbnail","hentry","category-blog","tag-cojedes","tag-formacionenempresas","tag-plancaraboboinces200"],"_links":{"self":[{"href":"https:\/\/inces.gob.ve\/index.php\/wp-json\/wp\/v2\/posts\/38491","targetHints":{"allow":["GET"]}}],"collection":[{"href":"https:\/\/inces.gob.ve\/index.php\/wp-json\/wp\/v2\/posts"}],"about":[{"href":"https:\/\/inces.gob.ve\/index.php\/wp-json\/wp\/v2\/types\/post"}],"author":[{"embeddable":true,"href":"https:\/\/inces.gob.ve\/index.php\/wp-json\/wp\/v2\/users\/4"}],"replies":[{"embeddable":true,"href":"https:\/\/inces.gob.ve\/index.php\/wp-json\/wp\/v2\/comments?post=38491"}],"version-history":[{"count":1,"href":"https:\/\/inces.gob.ve\/index.php\/wp-json\/wp\/v2\/posts\/38491\/revisions"}],"predecessor-version":[{"id":38493,"href":"https:\/\/inces.gob.ve\/index.php\/wp-json\/wp\/v2\/posts\/38491\/revisions\/38493"}],"wp:featuredmedia":[{"embeddable":true,"href":"https:\/\/inces.gob.ve\/index.php\/wp-json\/wp\/v2\/media\/38492"}],"wp:attachment":[{"href":"https:\/\/inces.gob.ve\/index.php\/wp-json\/wp\/v2\/media?parent=38491"}],"wp:term":[{"taxonomy":"category","embeddable":true,"href":"https:\/\/inces.gob.ve\/index.php\/wp-json\/wp\/v2\/categories?post=38491"},{"taxonomy":"post_tag","embeddable":true,"href":"https:\/\/inces.gob.ve\/index.php\/wp-json\/wp\/v2\/tags?post=38491"}],"curies":[{"name":"wp","href":"https:\/\/api.w.org\/{rel}","templated":true}]}}