{"id":38499,"date":"2021-05-24T08:43:42","date_gmt":"2021-05-24T12:43:42","guid":{"rendered":"https:\/\/inces.gob.ve\/?p=38499"},"modified":"2021-05-24T08:43:42","modified_gmt":"2021-05-24T12:43:42","slug":"aragua-tabletas-canaima-son-entregadas-con-miras-a-la-automatizacion-del-inces","status":"publish","type":"post","link":"https:\/\/inces.gob.ve\/index.php\/2021\/05\/24\/aragua-tabletas-canaima-son-entregadas-con-miras-a-la-automatizacion-del-inces\/","title":{"rendered":"ARAGUA | Tabletas Canaima son entregadas con miras a la automatizaci\u00f3n del Inces"},"content":{"rendered":"<p align=\"justify\"><span style=\"font-size: 14pt;\"><em><b>** En esta primera etapa de transformaci\u00f3n digital del Inces, la instituci\u00f3n hizo entrega de nueve tabletas Canaima a los jefes de centro de formaci\u00f3n de la entidad arag\u00fce\u00f1a<\/b><\/em><!--more--><\/span><\/p>\n<p align=\"justify\"><span style=\"font-size: 14pt;\"><b>RODIN BUSTILLOS<\/b><\/span><\/p>\n<p align=\"justify\"><span style=\"font-size: 14pt;\">Los nueve jefes de centro del Inces Aragua recibieron sendas tabletas Canaima como parte del proceso de digitalizaci\u00f3n del Inces. As\u00ed lo inform\u00f3 el gerente regional arag\u00fce\u00f1o, Oliver Medina, quien inform\u00f3 que esta herramienta port\u00e1til de trabajo reorganizar\u00e1 el trabajo institucional, para adquirir informaci\u00f3n digitalizada al instante. \u201cEste proceso de digitalizaci\u00f3n nos permitir\u00e1 avanzar como lo ha se\u00f1alado el presidente Wuikelman Angel, en la transformaci\u00f3n de la instituci\u00f3n en materia digital\u201d, acot\u00f3 Medina.<\/span><\/p>\n<p align=\"justify\">\n<p align=\"justify\"><span style=\"font-size: 14pt;\">Se\u00f1al\u00f3 Medina que la instituci\u00f3n desarrollar\u00e1 formaciones en los diversos programas donde se aplicar\u00e1 \u00e9sta herramienta digital como proceso de automatizaci\u00f3n. \u201cLa intenci\u00f3n del presidente del Inces es impulsar a la instituci\u00f3n con una nueva metodolog\u00eda que es la formaci\u00f3n t\u00e9cnica profesional, esto nos permitir\u00e1 desarrollar nuevas tendencias en el \u00e1rea productiva, educacional y sobre todo en el \u00e1rea profesional, que mejorar\u00e1 nuestros procesos formativos y demostrar\u00e1 que el Inces, tiene la capacidad de dar respuesta en todos los \u00e1mbitos en los diversos motores industriales, tur\u00edstica, comercial y agr\u00edcola, es decir, nos avocamos a todas las necesidades que el pa\u00eds requiere para producir\u201d.<\/span><\/p>\n<p align=\"justify\">\n<p align=\"justify\"><span style=\"font-size: 14pt;\">Considera Medina que el relanzamiento de la Gran Misi\u00f3n Chamba Juvenil permitir\u00e1 que la instituci\u00f3n comience hacer una caracterizaci\u00f3n a trav\u00e9s de esta misi\u00f3n. \u201c Aquellos j\u00f3venes que hoy en d\u00eda se encuentran desempleados y que tiene un nivel educativo desarrollado, podemos avanzar a trav\u00e9s de nuestra formaciones y darle a estos j\u00f3venes la oportunidad de insertarlo en la parte industrial, principalmente en aquellas empresas del estado recuperadas para el proceso productivo\u201d.<\/span><\/p>\n<p align=\"justify\">\n<p align=\"justify\"><span style=\"font-size: 14pt;\">Se\u00f1al\u00f3 medina que caracterizar a los j\u00f3venes a trav\u00e9s de la Gran Misi\u00f3n Chamba Juvenil permitir\u00e1 evaluar como estos chambistas form\u00e1ndose en brigadas y ubicarlos en las comunidades, ser\u00e1 un indicador para el estado, que estos j\u00f3venes de varias especialidades en el \u00e1rea industrial, dar\u00e1 un nuevo impulso al proceso productivo que requiere el pa\u00eds\u201d.<\/span><\/p>\n<p align=\"justify\">\n<p align=\"justify\"><span style=\"font-size: 14pt;\">Por su parte el jefe del centro de formaci\u00f3n socialista (CFS) Construcci\u00f3n Henry Gil, se\u00f1al\u00f3 que es muy importante la entrega de esta herramienta digital. \u201cLa tecnolog\u00eda es una herramienta fundamental para que nosotros avancemos en la transformaci\u00f3n cultural, muchos de nuestros maestros tienen eficiencia en la herramienta tecnol\u00f3gica, que bueno que nosotros estemos asumiendo y empoder\u00e1ndonos de este peque\u00f1o aporte, \u00e9sta Canaima es muy valiosa para adelantar procesos de comunicaci\u00f3n como por ejemplo, el video conferencia, pero es importante actualizar los equipos y la modernizaci\u00f3n que trabaja el Inces en los distintos CFS, para que nuestros j\u00f3venes a trav\u00e9s de las aulas virtuales avance desde sus casas la formaci\u00f3n t\u00e9cnica profesional\u201d. Acot\u00f3 Gil.<\/span><\/p>\n<p align=\"justify\">\n<p align=\"justify\"><span style=\"font-size: 14pt;\">Jose Belisario, jefe del CFS Metalminero de La Victoria, considera que muy importante la entrega de esta herramienta digital, porque es un paso para mejorar el proceso comunicativo. \u201cEsta herramienta minimisa un poco el problema que tenemos dentro de los CFS, a nivel de sistemas de las tecnolog\u00eda de la comunicaci\u00f3n y de la informaci\u00f3n, ser\u00eda interesante que tambi\u00e9n nuestros MTP, recibieran tambi\u00e9n esta herramienta tecnol\u00f3gica, porque el proceso de formaci\u00f3n virtual amerita un equipo tecnol\u00f3gico para que llegue al joven y sobre todo al participante\u201d.<\/span><\/p>\n","protected":false},"excerpt":{"rendered":"<p>** En esta primera etapa de transformaci\u00f3n digital del Inces, la instituci\u00f3n hizo entrega de nueve tabletas Canaima a los jefes de centro de formaci\u00f3n de la entidad arag\u00fce\u00f1a<\/p>\n","protected":false},"author":4,"featured_media":38498,"comment_status":"closed","ping_status":"closed","sticky":false,"template":"","format":"standard","meta":{"footnotes":""},"categories":[2],"tags":[86,326,273],"class_list":["post-38499","post","type-post","status-publish","format-standard","has-post-thumbnail","hentry","category-blog","tag-aragua","tag-canaimas","tag-transformaciondigital"],"_links":{"self":[{"href":"https:\/\/inces.gob.ve\/index.php\/wp-json\/wp\/v2\/posts\/38499","targetHints":{"allow":["GET"]}}],"collection":[{"href":"https:\/\/inces.gob.ve\/index.php\/wp-json\/wp\/v2\/posts"}],"about":[{"href":"https:\/\/inces.gob.ve\/index.php\/wp-json\/wp\/v2\/types\/post"}],"author":[{"embeddable":true,"href":"https:\/\/inces.gob.ve\/index.php\/wp-json\/wp\/v2\/users\/4"}],"replies":[{"embeddable":true,"href":"https:\/\/inces.gob.ve\/index.php\/wp-json\/wp\/v2\/comments?post=38499"}],"version-history":[{"count":1,"href":"https:\/\/inces.gob.ve\/index.php\/wp-json\/wp\/v2\/posts\/38499\/revisions"}],"predecessor-version":[{"id":38500,"href":"https:\/\/inces.gob.ve\/index.php\/wp-json\/wp\/v2\/posts\/38499\/revisions\/38500"}],"wp:featuredmedia":[{"embeddable":true,"href":"https:\/\/inces.gob.ve\/index.php\/wp-json\/wp\/v2\/media\/38498"}],"wp:attachment":[{"href":"https:\/\/inces.gob.ve\/index.php\/wp-json\/wp\/v2\/media?parent=38499"}],"wp:term":[{"taxonomy":"category","embeddable":true,"href":"https:\/\/inces.gob.ve\/index.php\/wp-json\/wp\/v2\/categories?post=38499"},{"taxonomy":"post_tag","embeddable":true,"href":"https:\/\/inces.gob.ve\/index.php\/wp-json\/wp\/v2\/tags?post=38499"}],"curies":[{"name":"wp","href":"https:\/\/api.w.org\/{rel}","templated":true}]}}