{"id":38568,"date":"2021-06-01T09:04:15","date_gmt":"2021-06-01T13:04:15","guid":{"rendered":"https:\/\/inces.gob.ve\/?p=38568"},"modified":"2021-06-01T09:04:15","modified_gmt":"2021-06-01T13:04:15","slug":"trujillo-bachilleres-se-graduan-en-unidad-educativa-del-inces","status":"publish","type":"post","link":"https:\/\/inces.gob.ve\/index.php\/2021\/06\/01\/trujillo-bachilleres-se-graduan-en-unidad-educativa-del-inces\/","title":{"rendered":"TRUJILLO | Bachilleres se grad\u00faan en unidad educativa del Inces"},"content":{"rendered":"<p align=\"justify\"><span style=\"font-size: 14pt;\">** Estudiantes de distintas localidades del estado Trujillo, en casi tres horas de presentaci\u00f3n, expusieron lo que fue su experiencia escolar y en especial en el periodo para la aplicabilidad de los conocimientos aprendidos en su periodo de pasant\u00edas y de trabajo realizado en las instalaciones del Liceo Bolivariano \u201cRafael Rangel\u201d<br \/>\n<\/span><!--more--><\/p>\n<p align=\"justify\">\n<p align=\"justify\"><span style=\"font-size: 14pt;\"><strong>MAR\u00cdA CABRERA<\/strong><\/span><\/p>\n<p align=\"justify\"><span style=\"font-size: 14pt;\">Un total de 11 participantes integrantes de la Unidad Educativa del Instituto Nacional de Capacitaci\u00f3n y Educaci\u00f3n Socialista de Trujillo presentaron ante las autoridades el informe final de sus actividades escolares, lo cual los acredita como Bachilleres Productivos de la Rep\u00fablica Bolivariana de Venezuela.<\/span><\/p>\n<p align=\"justify\">\n<p align=\"justify\"><span style=\"font-size: 14pt;\">La presentaci\u00f3n de este informe final se realiz\u00f3 en las instalaciones del Centro de Formaci\u00f3n Socialista \u201cBarbarita de La Torre\u201d del Inces-Trujillo, ubicado en la avenida Bol\u00edvar del municipio Valera, donde amigos y un reducido grupo de conocidos y parientes acompa\u00f1aron a los participantes.<\/span><\/p>\n<p align=\"justify\">\n<p align=\"justify\"><span style=\"font-size: 14pt;\">La presentaci\u00f3n que tuvo que superar algunos inconvenientes de \u00faltimo momento, lleg\u00f3 a final pautado por el calendario escolar tal como lo indic\u00f3 Karen Becerra, jefe de Control y Evaluaci\u00f3n de la Unidad Educativa del Inces-Trujillo quien se encarg\u00f3 que las exigencias del Min Educaci\u00f3n y la Zona Educativa se cumplieran debidamente.<\/span><\/p>\n<p align=\"justify\">\n<p align=\"justify\"><span style=\"font-size: 14pt;\">A esta presentaci\u00f3n acudieron Carolina Araujo, coordinadora del CFS \u201cBarbarita de La Torre\u201d; Auricia Perdomo, jefe de Programas, Karen Becerra, jefe de Control y Evaluaci\u00f3n del Inces adem\u00e1s de un grupo de facilitadores del 60 periodo del Inces que adem\u00e1s consintieron que las normas de bioseguridad por el covid-19 se cumplieran a la cabalidad.<\/span><\/p>\n<p align=\"justify\">\n<p align=\"justify\"><span style=\"font-size: 14pt;\">Los 11 participantes, habitantes de distintas localidades del estado Trujillo en casi tres horas de presentaci\u00f3n expusieron lo que fue su experiencia escolar y en especial en el periodo para la aplicabilidad de los conocimientos aprendido en su periodo de pasant\u00edas y de trabajo realizado en las instalaciones del Liceo Bolivariano \u201cRafael Rangel\u201d lugar seleccionado para tal fin.<\/span><\/p>\n<p align=\"justify\">\n<p align=\"justify\"><span style=\"font-size: 14pt;\">Las autoridades del Inces formularon presuntas puntuales referidas al trabajo de grado y estos respondieron con la fluidez del caso, que, en esta ocasi\u00f3n, se trat\u00f3 sobre el campo agr\u00edcola, en espec\u00edfico sobre la siembra de productos de ciclos cortos y largos, as\u00ed como las condiciones para el tratamiento de los suelos, gu\u00eda desarrollada por la profesora Elsa Gonz\u00e1lez del programa Agr\u00edcola.<\/span><\/p>\n<p align=\"justify\">\n<p align=\"justify\"><span style=\"font-size: 14pt;\">Una vez concluida la exposici\u00f3n que se realiz\u00f3, la deliberaci\u00f3n del jurado integrado por las personas antes mencionadas, quienes efectuaron sus consideraciones finales, para de inmediato aprobar la presentaci\u00f3n y concederles as\u00ed el t\u00edtulo de Bachilleres de la Rep\u00fablica con perfil Productivo a los 11 participantes que alegres recibieron la noticia.<\/span><\/p>\n","protected":false},"excerpt":{"rendered":"<p>** Estudiantes de distintas localidades del estado Trujillo, en casi tres horas de presentaci\u00f3n, expusieron lo que fue su experiencia escolar y en especial en el periodo para la aplicabilidad de los conocimientos aprendidos en su periodo de pasant\u00edas y de trabajo realizado en las instalaciones del Liceo Bolivariano \u201cRafael Rangel\u201d<\/p>\n","protected":false},"author":4,"featured_media":38569,"comment_status":"closed","ping_status":"closed","sticky":false,"template":"","format":"standard","meta":{"footnotes":""},"categories":[2],"tags":[139,78],"class_list":["post-38568","post","type-post","status-publish","format-standard","has-post-thumbnail","hentry","category-blog","tag-bachilleratoproductivo","tag-trujillo"],"_links":{"self":[{"href":"https:\/\/inces.gob.ve\/index.php\/wp-json\/wp\/v2\/posts\/38568","targetHints":{"allow":["GET"]}}],"collection":[{"href":"https:\/\/inces.gob.ve\/index.php\/wp-json\/wp\/v2\/posts"}],"about":[{"href":"https:\/\/inces.gob.ve\/index.php\/wp-json\/wp\/v2\/types\/post"}],"author":[{"embeddable":true,"href":"https:\/\/inces.gob.ve\/index.php\/wp-json\/wp\/v2\/users\/4"}],"replies":[{"embeddable":true,"href":"https:\/\/inces.gob.ve\/index.php\/wp-json\/wp\/v2\/comments?post=38568"}],"version-history":[{"count":1,"href":"https:\/\/inces.gob.ve\/index.php\/wp-json\/wp\/v2\/posts\/38568\/revisions"}],"predecessor-version":[{"id":38570,"href":"https:\/\/inces.gob.ve\/index.php\/wp-json\/wp\/v2\/posts\/38568\/revisions\/38570"}],"wp:featuredmedia":[{"embeddable":true,"href":"https:\/\/inces.gob.ve\/index.php\/wp-json\/wp\/v2\/media\/38569"}],"wp:attachment":[{"href":"https:\/\/inces.gob.ve\/index.php\/wp-json\/wp\/v2\/media?parent=38568"}],"wp:term":[{"taxonomy":"category","embeddable":true,"href":"https:\/\/inces.gob.ve\/index.php\/wp-json\/wp\/v2\/categories?post=38568"},{"taxonomy":"post_tag","embeddable":true,"href":"https:\/\/inces.gob.ve\/index.php\/wp-json\/wp\/v2\/tags?post=38568"}],"curies":[{"name":"wp","href":"https:\/\/api.w.org\/{rel}","templated":true}]}}