{"id":38571,"date":"2021-06-01T09:02:50","date_gmt":"2021-06-01T13:02:50","guid":{"rendered":"https:\/\/inces.gob.ve\/?p=38571"},"modified":"2021-06-01T09:11:08","modified_gmt":"2021-06-01T13:11:08","slug":"aragua-quedo-instalado-el-estado-mayor-de-chamba-juvenil","status":"publish","type":"post","link":"https:\/\/inces.gob.ve\/index.php\/2021\/06\/01\/aragua-quedo-instalado-el-estado-mayor-de-chamba-juvenil\/","title":{"rendered":"ARAGUA | Qued\u00f3 instalado el Estado Mayor de Chamba Juvenil"},"content":{"rendered":"<div id=\":a0\" class=\"a3s aiL \">\n<div dir=\"ltr\">\n<p style=\"text-align: justify;\" align=\"center\"><em><span style=\"font-family: ARial, sans-serif; font-size: 14pt;\"><b>** Fortalecer a la juventud de la regi\u00f3n avanzando en producci\u00f3n es la consigna<\/b><\/span><\/em><\/p>\n<\/div>\n<\/div>\n<p><span style=\"font-size: 14pt;\"><!--more--><\/span><\/p>\n<p>&nbsp;<\/p>\n<p align=\"justify\"><span style=\"font-size: 14pt;\"><b>NINOSKA PATRIZ<br \/>\n<\/b><\/span><\/p>\n<p align=\"justify\"><span style=\"font-size: 14pt;\">Cumpliendo con los lineamientos del Presidente Nicol\u00e1s Maduro en el relanzamiento de la Gran Misi\u00f3n Chamba Juvenil, <b>acompa\u00f1amos a la Direcci\u00f3n Regional del Ministerio para la Juventud y el Deporte atendiendo invitaci\u00f3n para la instalaci\u00f3n del Estado Mayor de Chamba de Juvenil.<\/b> En esta se cont\u00f3 con la presencia de la viceministro Mar\u00eda Alejandra Cabello, quien trajo consigo el mensaje de nuestro ministro Mervin Maldonado en cuanto a no caer en reunion\u00edsmos y avanzar en acciones con resultados concretos y positivismo.<\/span><\/p>\n<p align=\"justify\">\n<p align=\"justify\"><span style=\"font-size: 14pt;\"><b>La actividad se llev\u00f3 a cabo en los instalaciones de Insajuv iniciando alrededor de las 3:00 pm hasta finales de la tarde.<\/b> El prop\u00f3sito global fue intercambiar ideas acerca de las realidades y coyunturas pol\u00edticas a fin de planificar nuevos encuentros o mesas de trabajos que permitan el escenario para la creaci\u00f3n de enlaces o propuestas que coadyuven a reforzar la solidaridad, la formaci\u00f3n y crecer en el hacer creativo entre los j\u00f3venes para el desarrollo del pa\u00eds.<\/span><\/p>\n<p align=\"justify\">\n<p align=\"justify\"><span style=\"font-size: 14pt;\"><b>Durante la misma se acord\u00f3 darle prioridad a la estructuraci\u00f3n de un plan de trabajo en alianza estrat\u00e9gica con el Director de Ministerio del Deporte Aragua Franklin Araujo<\/b> y su equipo de trabajo de coordinadores de Chamba, en Girardot: Rafael Fuenmayor, en Mario Brice\u00f1o Iragorry: Keren Alfonzo y por Inces: Jos\u00e9 Chirinos. Al respecto Oliver Medina, gerente Inces Regi\u00f3n Aragua, quien tambi\u00e9n estuvo presente, destac\u00f3 la importancia de la captaci\u00f3n e incorporaci\u00f3n de j\u00f3venes entre 18 a 35 a\u00f1os, tanto en las formaciones, como en la maquinaria productiva de la Patria.<\/span><\/p>\n<p align=\"justify\">\n<p align=\"justify\"><span style=\"font-size: 14pt;\"><b>En reuni\u00f3n con la Direcci\u00f3n Regional del Ministerio para la Juventud y el Deporte y de la Gran Misi\u00f3n Chamba Juvenil<\/b><\/span><\/p>\n<p align=\"justify\"><span style=\"font-size: 14pt;\">Adem\u00e1s, se sostuvo encuentro junto al gerente Oliver Medina, jefes de los 15 CFS y Programas en Sede Inces Regi\u00f3n Aragua en v\u00eddeo llamada conjunta, con diferentes entes representativos de las fuerzas vivas y dem\u00e1s movimientos sociales de la regi\u00f3n saltando las distancias. \u00ab<b>El objetivo es la articulaci\u00f3n de estrategias es la planificaci\u00f3n de acciones para concretar experiencias de caracterizaci\u00f3n e inserci\u00f3n de j\u00f3venes por la gran misi\u00f3n chamba juvenil <\/b>con edades comprendidas entre 18 a 35 a\u00f1os y por ende la formaci\u00f3n y certificaci\u00f3n de saberes desde el Inces Aragua\u00bb, resalt\u00f3 el Director de Insajuv Franklin Araujo. \u201cNos mantenemos Impulsando el desarrollo integral y potenciaci\u00f3n de nuestra juventud patria, siempre participativa, protag\u00f3nica y energizante partiendo desde los 16 motores, entrelazando esfuerzos para impulsar la econom\u00eda de la Naci\u00f3n\u201d coment\u00f3 el gerente Inces Aragua para finalizar.\u00a0<\/span><\/p>\n","protected":false},"excerpt":{"rendered":"<p>** Fortalecer a la juventud de la regi\u00f3n avanzando en producci\u00f3n es la consigna<\/p>\n","protected":false},"author":4,"featured_media":38572,"comment_status":"closed","ping_status":"closed","sticky":false,"template":"","format":"standard","meta":{"footnotes":""},"categories":[2],"tags":[86,189],"class_list":["post-38571","post","type-post","status-publish","format-standard","has-post-thumbnail","hentry","category-blog","tag-aragua","tag-chambajuvenil"],"_links":{"self":[{"href":"https:\/\/inces.gob.ve\/index.php\/wp-json\/wp\/v2\/posts\/38571","targetHints":{"allow":["GET"]}}],"collection":[{"href":"https:\/\/inces.gob.ve\/index.php\/wp-json\/wp\/v2\/posts"}],"about":[{"href":"https:\/\/inces.gob.ve\/index.php\/wp-json\/wp\/v2\/types\/post"}],"author":[{"embeddable":true,"href":"https:\/\/inces.gob.ve\/index.php\/wp-json\/wp\/v2\/users\/4"}],"replies":[{"embeddable":true,"href":"https:\/\/inces.gob.ve\/index.php\/wp-json\/wp\/v2\/comments?post=38571"}],"version-history":[{"count":1,"href":"https:\/\/inces.gob.ve\/index.php\/wp-json\/wp\/v2\/posts\/38571\/revisions"}],"predecessor-version":[{"id":38573,"href":"https:\/\/inces.gob.ve\/index.php\/wp-json\/wp\/v2\/posts\/38571\/revisions\/38573"}],"wp:featuredmedia":[{"embeddable":true,"href":"https:\/\/inces.gob.ve\/index.php\/wp-json\/wp\/v2\/media\/38572"}],"wp:attachment":[{"href":"https:\/\/inces.gob.ve\/index.php\/wp-json\/wp\/v2\/media?parent=38571"}],"wp:term":[{"taxonomy":"category","embeddable":true,"href":"https:\/\/inces.gob.ve\/index.php\/wp-json\/wp\/v2\/categories?post=38571"},{"taxonomy":"post_tag","embeddable":true,"href":"https:\/\/inces.gob.ve\/index.php\/wp-json\/wp\/v2\/tags?post=38571"}],"curies":[{"name":"wp","href":"https:\/\/api.w.org\/{rel}","templated":true}]}}