{"id":38619,"date":"2021-06-04T10:03:22","date_gmt":"2021-06-04T14:03:22","guid":{"rendered":"https:\/\/inces.gob.ve\/?p=38619"},"modified":"2021-06-04T10:09:21","modified_gmt":"2021-06-04T14:09:21","slug":"aragua-inces-avanza-en-la-fuerza-de-tarea-especial-de-salud-dr-jose-gregorio-hernandez","status":"publish","type":"post","link":"https:\/\/inces.gob.ve\/index.php\/2021\/06\/04\/aragua-inces-avanza-en-la-fuerza-de-tarea-especial-de-salud-dr-jose-gregorio-hernandez\/","title":{"rendered":"ARAGUA | Inces avanza en la fuerza de tarea especial de salud \u00abDr Jos\u00e9 Gregorio Hern\u00e1ndez\u00bb"},"content":{"rendered":"<p style=\"text-align: justify;\"><strong><em><span style=\"font-size: 14pt;\">** Cumpliendo con las orientaciones del presidente Nicol\u00e1s Maduro Moros, el Inces de Aragua trabaja en la recuperaci\u00f3n de los hospitales\u00a0 \u00abJos\u00e9 Mar\u00eda Ben\u00edtez\u00bb y \u00abJos\u00e9 Rafael Rangel\u00bb <\/span><\/em><\/strong><!--more--><\/p>\n<p style=\"text-align: justify;\"><strong><span style=\"font-size: 14pt;\">ROD\u00cdN BUSTILLOS\u00a0\u00a0<\/span><\/strong><\/p>\n<p style=\"text-align: justify;\"><span style=\"font-size: 14pt;\">El gerente regional del Inces Aragua, Oliver Medina, se\u00f1al\u00f3 que en el hospital \u00abJos\u00e9 Mar\u00eda Ben\u00edtez\u00bb de la Victoria, se ha logrado el avance en diferentes \u00e1reas como la sala de emergencia de adultos y de pediatr\u00eda. \u00abSe han recuperado pasillos, sistemas de aire acondicionado en espacios de laboratorios, as\u00ed como tambi\u00e9n se han instalado m\u00e1s de 30 salas de ba\u00f1os en enfermer\u00eda y en las diferentes alas del centro de salud\u00bb.<\/span><\/p>\n<p>&nbsp;<\/p>\n<p style=\"text-align: justify;\"><span style=\"font-size: 14pt;\">Inform\u00f3\u00a0 Medina que a trav\u00e9s de las fuerzas especiales de salud, las brigadas productivas de la instituci\u00f3n, los maestros t\u00e9cnicos productivos y participantes de las formaciones de electricidad, han venido desarrollando pr\u00e1cticas de servicios en el centro de salud. <\/span><\/p>\n<p>&nbsp;<\/p>\n<p style=\"text-align: justify;\"><span style=\"font-size: 14pt;\">\u00abSe han recuperado m\u00e1s de cien l\u00e1mparas de bombillos tipo fluorescente, convirti\u00e9ndolas en bombillos ahorradores suministrada por Corpoelec\u00bb, acot\u00f3 Medina.\u00a0 \u00a0<\/span><\/p>\n<p>&nbsp;<\/p>\n<p style=\"text-align: justify;\"><span style=\"font-size: 14pt;\">Con respecto al hospital\u00a0 \u00abJos\u00e9 Rafael Rangel\u00bb en Villa de Cura, el gerente regional se\u00f1al\u00f3 que a pesar de que aun no han llegado los recursos designados por el Ejecutivo Nacional, el Inces a trav\u00e9s de las brigadas productivas de refrigeraci\u00f3n, han echo todo los esfuerzos posibles para la recuperaci\u00f3n de m\u00e1s de 20 aires acondicionados en las salas de emergencia de adultos,\u00a0 pediatr\u00eda, oftalmolog\u00eda y laboratorios de an\u00e1lisis. <\/span><\/p>\n<p>&nbsp;<\/p>\n<p style=\"text-align: justify;\"><span style=\"font-size: 14pt;\">\u00abHemos logrado en el hospital \u00abJos\u00e9 Rafael Rangel\u00bb la recuperaci\u00f3n con la iluminaria, donde se detect\u00f3 debilidad en los conductores el\u00e9ctricos y se hizo la sustituci\u00f3n de 50 de ellos que se encontraba fundidos y da\u00f1ados, y en conjunto con Corpoelec, se logr\u00f3 surtir la energ\u00eda en el centro de salud, iluminando pasillos, corredores y salas de estar en el hospital \u00abJos\u00e9 Rafael Rangel\u00bb, puntualiz\u00f3 Medina.<\/span><\/p>\n","protected":false},"excerpt":{"rendered":"<p>** Cumpliendo con las orientaciones del presidente Nicol\u00e1s Maduro Moros, el Inces de Aragua trabaja en la recuperaci\u00f3n de los hospitales\u00a0 \u00abJos\u00e9 Mar\u00eda Ben\u00edtez\u00bb y \u00abJos\u00e9 Rafael Rangel\u00bb<\/p>\n","protected":false},"author":4,"featured_media":38620,"comment_status":"closed","ping_status":"closed","sticky":false,"template":"","format":"standard","meta":{"footnotes":""},"categories":[2],"tags":[86,277,276],"class_list":["post-38619","post","type-post","status-publish","format-standard","has-post-thumbnail","hentry","category-blog","tag-aragua","tag-drjosegregoriohernandez","tag-fuerzadetrabajoespecial"],"_links":{"self":[{"href":"https:\/\/inces.gob.ve\/index.php\/wp-json\/wp\/v2\/posts\/38619","targetHints":{"allow":["GET"]}}],"collection":[{"href":"https:\/\/inces.gob.ve\/index.php\/wp-json\/wp\/v2\/posts"}],"about":[{"href":"https:\/\/inces.gob.ve\/index.php\/wp-json\/wp\/v2\/types\/post"}],"author":[{"embeddable":true,"href":"https:\/\/inces.gob.ve\/index.php\/wp-json\/wp\/v2\/users\/4"}],"replies":[{"embeddable":true,"href":"https:\/\/inces.gob.ve\/index.php\/wp-json\/wp\/v2\/comments?post=38619"}],"version-history":[{"count":2,"href":"https:\/\/inces.gob.ve\/index.php\/wp-json\/wp\/v2\/posts\/38619\/revisions"}],"predecessor-version":[{"id":38622,"href":"https:\/\/inces.gob.ve\/index.php\/wp-json\/wp\/v2\/posts\/38619\/revisions\/38622"}],"wp:featuredmedia":[{"embeddable":true,"href":"https:\/\/inces.gob.ve\/index.php\/wp-json\/wp\/v2\/media\/38620"}],"wp:attachment":[{"href":"https:\/\/inces.gob.ve\/index.php\/wp-json\/wp\/v2\/media?parent=38619"}],"wp:term":[{"taxonomy":"category","embeddable":true,"href":"https:\/\/inces.gob.ve\/index.php\/wp-json\/wp\/v2\/categories?post=38619"},{"taxonomy":"post_tag","embeddable":true,"href":"https:\/\/inces.gob.ve\/index.php\/wp-json\/wp\/v2\/tags?post=38619"}],"curies":[{"name":"wp","href":"https:\/\/api.w.org\/{rel}","templated":true}]}}