{"id":38623,"date":"2021-06-04T10:19:14","date_gmt":"2021-06-04T14:19:14","guid":{"rendered":"https:\/\/inces.gob.ve\/?p=38623"},"modified":"2021-06-04T10:19:14","modified_gmt":"2021-06-04T14:19:14","slug":"cojedes-aprendices-inician-etapa-formativa-en-area-el-administrativa","status":"publish","type":"post","link":"https:\/\/inces.gob.ve\/index.php\/2021\/06\/04\/cojedes-aprendices-inician-etapa-formativa-en-area-el-administrativa\/","title":{"rendered":"COJEDES | Aprendices inician etapa formativa en \u00e1rea el administrativa"},"content":{"rendered":"<p align=\"justify\"><span style=\"font-size: 14pt;\"><i>** Un equipo de formadores e instructores se encargar\u00e1n de dar las herramientas necesarias para preparar acad\u00e9micamente a los estudiantes para su posterior vinculaci\u00f3n profesional<\/i><\/span><!--more--><\/p>\n<p align=\"justify\">\n<p align=\"justify\"><span style=\"font-size: 14pt;\">Bajo el protocolo de las normas de bioseguridad covid-19, fueron recibidos los j\u00f3venes del Programa Nacional de Aprendizaje (PNA), a cargo de la coordinadora del Programa Adriana P\u00e9rez, junto al equipo de Formaci\u00f3n Profesional y a la autoridad regional, el gerente Jos\u00e9 Antonio Mart\u00ednez. La actividad se realiz\u00f3 en los espacios del centro de formaci\u00f3n socialista \u201cArgimiro Gabald\u00f3n\u201d.<\/span><\/p>\n<p align=\"justify\">\n<p align=\"justify\"><span style=\"font-size: 14pt;\">En esta oportunidad 20 aprendices en edades comprendidas entre los 14 y los 18 a\u00f1os, eligieron seg\u00fan su vocaci\u00f3n formarse en el oficio calificado Asistente administrativo de empresas y estar\u00e1n recibiendo formaci\u00f3n respectiva a trav\u00e9s del centro de formaci\u00f3n socialista \u201cArgimiro Gabaldon\u201d, mediante los convenios establecidos con las entidades de trabajo y el Inces.<\/span><\/p>\n<p align=\"justify\">\n<p align=\"justify\"><span style=\"font-size: 14pt;\">Al respecto, la coordinadora P\u00e9rez, se refiri\u00f3 al proceso de formaci\u00f3n y automatizaci\u00f3n colectiva que recibir\u00e1n los j\u00f3venes bajo la tutela del Inces. Tambi\u00e9n les explic\u00f3 a los estudiantes los beneficios que recibir\u00e1n; as\u00ed como tambi\u00e9n hizo menci\u00f3n a la condici\u00f3n de proseguir con sus respectivos estudios a nivel de b\u00e1sica, media, t\u00e9cnica y universitaria.<\/span><\/p>\n<p align=\"justify\">\n<p align=\"justify\"><span style=\"font-size: 14pt;\">Concluy\u00f3 P\u00e9rez diciendo que bajo la modalidad presencial y usando las herramientas de la tecnolog\u00eda, el programa seguir\u00e1 adecu\u00e1ndose para seguir apostando por la formaci\u00f3n de aprendices en el marco de la Gran Misi\u00f3n Chamba Juvenil, en donde los j\u00f3venes son los protagonistas de la construcci\u00f3n del Proyecto Nacional Bolivariano.<\/span><\/p>\n<p align=\"justify\">\n<p align=\"justify\">\n","protected":false},"excerpt":{"rendered":"<p>** Un equipo de formadores e instructores se encargar\u00e1n de dar las herramientas necesarias para preparar acad\u00e9micamente a los estudiantes para su posterior vinculaci\u00f3n profesional<\/p>\n","protected":false},"author":4,"featured_media":38624,"comment_status":"closed","ping_status":"closed","sticky":false,"template":"","format":"standard","meta":{"footnotes":""},"categories":[2],"tags":[],"class_list":["post-38623","post","type-post","status-publish","format-standard","has-post-thumbnail","hentry","category-blog"],"_links":{"self":[{"href":"https:\/\/inces.gob.ve\/index.php\/wp-json\/wp\/v2\/posts\/38623","targetHints":{"allow":["GET"]}}],"collection":[{"href":"https:\/\/inces.gob.ve\/index.php\/wp-json\/wp\/v2\/posts"}],"about":[{"href":"https:\/\/inces.gob.ve\/index.php\/wp-json\/wp\/v2\/types\/post"}],"author":[{"embeddable":true,"href":"https:\/\/inces.gob.ve\/index.php\/wp-json\/wp\/v2\/users\/4"}],"replies":[{"embeddable":true,"href":"https:\/\/inces.gob.ve\/index.php\/wp-json\/wp\/v2\/comments?post=38623"}],"version-history":[{"count":1,"href":"https:\/\/inces.gob.ve\/index.php\/wp-json\/wp\/v2\/posts\/38623\/revisions"}],"predecessor-version":[{"id":38625,"href":"https:\/\/inces.gob.ve\/index.php\/wp-json\/wp\/v2\/posts\/38623\/revisions\/38625"}],"wp:featuredmedia":[{"embeddable":true,"href":"https:\/\/inces.gob.ve\/index.php\/wp-json\/wp\/v2\/media\/38624"}],"wp:attachment":[{"href":"https:\/\/inces.gob.ve\/index.php\/wp-json\/wp\/v2\/media?parent=38623"}],"wp:term":[{"taxonomy":"category","embeddable":true,"href":"https:\/\/inces.gob.ve\/index.php\/wp-json\/wp\/v2\/categories?post=38623"},{"taxonomy":"post_tag","embeddable":true,"href":"https:\/\/inces.gob.ve\/index.php\/wp-json\/wp\/v2\/tags?post=38623"}],"curies":[{"name":"wp","href":"https:\/\/api.w.org\/{rel}","templated":true}]}}