{"id":38626,"date":"2021-06-04T10:24:42","date_gmt":"2021-06-04T14:24:42","guid":{"rendered":"https:\/\/inces.gob.ve\/?p=38626"},"modified":"2021-06-04T10:24:42","modified_gmt":"2021-06-04T14:24:42","slug":"falcon-inces-fomenta-el-rescate-de-instalaciones-educativas-con-planes-formativos","status":"publish","type":"post","link":"https:\/\/inces.gob.ve\/index.php\/2021\/06\/04\/falcon-inces-fomenta-el-rescate-de-instalaciones-educativas-con-planes-formativos\/","title":{"rendered":"FALC\u00d3N | Inces fomenta el rescate de\u00a0\u00a0instalaciones educativas con planes formativos"},"content":{"rendered":"<p style=\"text-align: justify;\" align=\"center\"><span style=\"font-size: 14pt;\"><em><strong>*** El CFS \u201cJosefa Camejo\u201d estrecha relaciones interinstitucionales partiendo de nuevos aprendizajes productivos y certificaci\u00f3n de saberes<u><\/u>\u00a0<\/strong><\/em><u><\/u><\/span><!--more--><\/p>\n<p style=\"text-align: justify;\"><span style=\"font-size: 14pt;\"><u><\/u>\u00a0<u><\/u><\/span><\/p>\n<p style=\"text-align: justify;\">\n<p style=\"text-align: justify;\"><span style=\"font-size: 14pt;\"><b>MIRIAM GONZ\u00c1LEZ VILLARROEL\u00a0<u><\/u><\/b><\/span><\/p>\n<p style=\"text-align: justify;\"><span style=\"font-size: 14pt;\">Recientemente el jefe del centro de formaci\u00f3n socialista (CFS) \u201cJosefa Camejo\u201d del Inces en Punto Fijo se reuni\u00f3 con representantes de la Red Intercircuital I y II del municipio escolar de Carirubana para definir estrategias, acuerdos, abordaje formativo y apoyo interinstitucional que favorezca a ambas instituciones en una relaci\u00f3n de ganar ganar.<u><\/u>\u00a0<u><\/u><\/span><\/p>\n<p style=\"text-align: justify;\"><span style=\"font-size: 14pt;\"><u><\/u>\u00a0<u><\/u><\/span><\/p>\n<p style=\"text-align: justify;\"><span style=\"font-size: 14pt;\">Inform\u00f3 Joan Arias Flores, jefe del CFS \u201cJosefa Camejo\u201d, que ha venido estableciendo encuentros con la profesora Mirna Osteicochea de los circuitos escolares, lo cual ha dado como resultado que el personal del equipo de mantenimiento del Municipio Escolar realizara revisi\u00f3n, evaluaci\u00f3n y diagn\u00f3stico del sistema el\u00e9ctrico del centro de formaci\u00f3n del Inces y tambi\u00e9n, la instalaci\u00f3n de los bombillos tubulares.\u00a0<u><\/u>\u00a0<u><\/u><\/span><\/p>\n<p style=\"text-align: justify;\"><span style=\"font-size: 14pt;\"><u><\/u>\u00a0<u><\/u><\/span><\/p>\n<p style=\"text-align: justify;\"><span style=\"font-size: 14pt;\">Explic\u00f3 Arias Flores que se ha establecido un Plan de Abordaje Formativo dirigido al personal de los circuitos I y II y ellos postular\u00e1n desde su entorno a maestros t\u00e9cnicos voluntarios (MTV) que se sumen para brindar conocimientos productivos a otras personas y aporten en la construcci\u00f3n de los procesos de ense\u00f1anza aprendizaje.<u><\/u>\u00a0<u><\/u><\/span><\/p>\n<p style=\"text-align: justify;\"><span style=\"font-size: 14pt;\"><u><\/u>\u00a0<u><\/u><\/span><\/p>\n<p style=\"text-align: justify;\"><span style=\"font-size: 14pt;\">Por su parte la coordinadora de los circuitos escolares I y II, Mirna Osteicochea, apunt\u00f3 que esta vinculaci\u00f3n con el Inces en Falc\u00f3n que dirige Eneyda Mart\u00ednez Rodr\u00edguez, es muy productiva y mencion\u00f3 que estas acciones fortalecen las relaciones entre instituciones en funci\u00f3n de brindar espacios acordes para el desarrollo de los procesos educativos que est\u00e9n vinculados al crecimiento profesional de los participantes y de la clase trabajadora, \u201cestamos trabajando en equipo y debemos sumar voluntades\u201d.<u><\/u>\u00a0<\/span><\/p>\n<p style=\"text-align: justify;\">\n<p style=\"text-align: justify;\"><span style=\"font-size: 8pt;\">FOTO ARCHIVO<\/span><\/p>\n","protected":false},"excerpt":{"rendered":"<p>*** El CFS \u201cJosefa Camejo\u201d estrecha relaciones interinstitucionales partiendo de nuevos aprendizajes productivos y certificaci\u00f3n de saberes\u00a0<\/p>\n","protected":false},"author":4,"featured_media":35234,"comment_status":"closed","ping_status":"closed","sticky":false,"template":"","format":"standard","meta":{"footnotes":""},"categories":[2],"tags":[],"class_list":["post-38626","post","type-post","status-publish","format-standard","has-post-thumbnail","hentry","category-blog"],"_links":{"self":[{"href":"https:\/\/inces.gob.ve\/index.php\/wp-json\/wp\/v2\/posts\/38626","targetHints":{"allow":["GET"]}}],"collection":[{"href":"https:\/\/inces.gob.ve\/index.php\/wp-json\/wp\/v2\/posts"}],"about":[{"href":"https:\/\/inces.gob.ve\/index.php\/wp-json\/wp\/v2\/types\/post"}],"author":[{"embeddable":true,"href":"https:\/\/inces.gob.ve\/index.php\/wp-json\/wp\/v2\/users\/4"}],"replies":[{"embeddable":true,"href":"https:\/\/inces.gob.ve\/index.php\/wp-json\/wp\/v2\/comments?post=38626"}],"version-history":[{"count":1,"href":"https:\/\/inces.gob.ve\/index.php\/wp-json\/wp\/v2\/posts\/38626\/revisions"}],"predecessor-version":[{"id":38627,"href":"https:\/\/inces.gob.ve\/index.php\/wp-json\/wp\/v2\/posts\/38626\/revisions\/38627"}],"wp:featuredmedia":[{"embeddable":true,"href":"https:\/\/inces.gob.ve\/index.php\/wp-json\/wp\/v2\/media\/35234"}],"wp:attachment":[{"href":"https:\/\/inces.gob.ve\/index.php\/wp-json\/wp\/v2\/media?parent=38626"}],"wp:term":[{"taxonomy":"category","embeddable":true,"href":"https:\/\/inces.gob.ve\/index.php\/wp-json\/wp\/v2\/categories?post=38626"},{"taxonomy":"post_tag","embeddable":true,"href":"https:\/\/inces.gob.ve\/index.php\/wp-json\/wp\/v2\/tags?post=38626"}],"curies":[{"name":"wp","href":"https:\/\/api.w.org\/{rel}","templated":true}]}}