{"id":38700,"date":"2021-06-08T12:42:45","date_gmt":"2021-06-08T16:42:45","guid":{"rendered":"https:\/\/inces.gob.ve\/?p=38700"},"modified":"2021-06-08T12:42:45","modified_gmt":"2021-06-08T16:42:45","slug":"inces-conmemora-ano-bicentenario-de-carabobo-con-acto-civico","status":"publish","type":"post","link":"https:\/\/inces.gob.ve\/index.php\/2021\/06\/08\/inces-conmemora-ano-bicentenario-de-carabobo-con-acto-civico\/","title":{"rendered":"Inces conmemora a\u00f1o bicentenario de Carabobo con acto c\u00edvico"},"content":{"rendered":"<p style=\"text-align: justify;\"><em><strong>** El acto culmin\u00f3 con el despliegue del tricolor nacional: una bandera de 50 metros ondeada por viceministros, diputados y autoridades y participantes Inces<\/strong><\/em><!--more--><\/p>\n<p>&nbsp;<\/p>\n<p><strong>LONGINA TOVAR<\/strong><\/p>\n<p style=\"text-align: justify;\">La Coordinaci\u00f3n Nacional de Juventud Productiva del Instituto Nacional de Capacitaci\u00f3n y Educaci\u00f3n Socialista (Inces) celebr\u00f3 este martes un acto c\u00edvico a prop\u00f3sito de la celebraci\u00f3n del bicentenario de la Batalla de Carabobo, realizado en la sede principal de la casa formativa.<\/p>\n<p>&nbsp;<\/p>\n<p style=\"text-align: justify;\">Asistieron a la actividad el viceministro para las Comunidades Educativas y Uni\u00f3n del pueblo, Jorge P\u00e9rez; el viceministro de Formaci\u00f3n Comunal, Richard Delgado, los diputados Edgardo Ram\u00edrez, William Fari\u00f1as y Jos\u00e9 Luis Berroter\u00e1n; as\u00ed como autoridades y gerentes Inces, liderados por el presidente de la Instituci\u00f3n, Wuikelman Angel Paredes.<\/p>\n<div style=\"width: 640px;\" class=\"wp-video\"><!--[if lt IE 9]><script>document.createElement('video');<\/script><![endif]-->\n<video class=\"wp-video-shortcode\" id=\"video-38700-1\" width=\"640\" height=\"352\" preload=\"metadata\" controls=\"controls\"><source type=\"video\/mp4\" src=\"https:\/\/inces.gob.ve\/wp-content\/uploads\/2021\/06\/VID-20210608-WA0015.mp4?_=1\" \/><a href=\"https:\/\/inces.gob.ve\/wp-content\/uploads\/2021\/06\/VID-20210608-WA0015.mp4\">https:\/\/inces.gob.ve\/wp-content\/uploads\/2021\/06\/VID-20210608-WA0015.mp4<\/a><\/video><\/div>\n<p style=\"text-align: justify;\">El acto c\u00edvico cont\u00f3 con tres actividades protocolares: se rindieron honores al pabell\u00f3n nacional, se realiz\u00f3 una ofrenda ante el busto del maestro Sim\u00f3n Rodr\u00edguez y se hizo el despliegue de una bandera que superaba los 50 metros y que fue ondeada por autoridades y aprendices Inces.<\/p>\n<p>&nbsp;<\/p>\n<p style=\"text-align: justify;\">Durante su alocuci\u00f3n, el viceministro P\u00e9rez reconoci\u00f3 la fuerza que tiene la juventud productiva y patri\u00f3tica del Inces e invit\u00f3 a todos los presentes a estudiar la historia con sentido cr\u00edtico para poder conmemorar con conocimiento las fechas patrias y momentos hist\u00f3ricos de nuestras gesta independentista.<\/p>\n<p>&nbsp;<\/p>\n<p style=\"text-align: justify;\">Por su parte el presidente del Inces expres\u00f3: \u00abHoy conmemoramos el bicentenario de Carabobo porque la lucha por la patria contin\u00faa, la lucha por la independencia y la soberan\u00eda. Hoy libramos en Venezuela la batalla por un modelo de sociedad distinto al neoliberalismo, y estamos en campa\u00f1a permanente contra el imperialismo norteamericano\u00bb.<\/p>\n<p>&nbsp;<\/p>\n<p style=\"text-align: justify;\">Indic\u00f3 Angel que la juventud debe ser incorporada a las trincheras de lucha y hacerlos parte del momento hist\u00f3rico.<\/p>\n<p>&nbsp;<\/p>\n<p style=\"text-align: justify;\">Los invitados pudieron escuchar tambi\u00e9n las intervenciones de los diputados William Fari\u00f1as y Edgardo Ram\u00edrez , quienes hicieron una reflexi\u00f3n acerca de la importancia de los actos c\u00edvicos y de reconocer en la gesta de Carabobo el paso m\u00e1s importante para alcanzar la independencia del yugo espa\u00f1ol.<\/p>\n<p>&nbsp;<\/p>\n<p>&nbsp;<\/p>\n","protected":false},"excerpt":{"rendered":"<p>** El acto culmin\u00f3 con el despliegue del tricolor nacional: una bandera de 50 metros ondeada por viceministros, diputados y autoridades y participantes Inces<\/p>\n","protected":false},"author":4,"featured_media":38714,"comment_status":"closed","ping_status":"closed","sticky":false,"template":"","format":"standard","meta":{"footnotes":""},"categories":[2],"tags":[],"class_list":["post-38700","post","type-post","status-publish","format-standard","has-post-thumbnail","hentry","category-blog"],"_links":{"self":[{"href":"https:\/\/inces.gob.ve\/index.php\/wp-json\/wp\/v2\/posts\/38700","targetHints":{"allow":["GET"]}}],"collection":[{"href":"https:\/\/inces.gob.ve\/index.php\/wp-json\/wp\/v2\/posts"}],"about":[{"href":"https:\/\/inces.gob.ve\/index.php\/wp-json\/wp\/v2\/types\/post"}],"author":[{"embeddable":true,"href":"https:\/\/inces.gob.ve\/index.php\/wp-json\/wp\/v2\/users\/4"}],"replies":[{"embeddable":true,"href":"https:\/\/inces.gob.ve\/index.php\/wp-json\/wp\/v2\/comments?post=38700"}],"version-history":[{"count":3,"href":"https:\/\/inces.gob.ve\/index.php\/wp-json\/wp\/v2\/posts\/38700\/revisions"}],"predecessor-version":[{"id":38730,"href":"https:\/\/inces.gob.ve\/index.php\/wp-json\/wp\/v2\/posts\/38700\/revisions\/38730"}],"wp:featuredmedia":[{"embeddable":true,"href":"https:\/\/inces.gob.ve\/index.php\/wp-json\/wp\/v2\/media\/38714"}],"wp:attachment":[{"href":"https:\/\/inces.gob.ve\/index.php\/wp-json\/wp\/v2\/media?parent=38700"}],"wp:term":[{"taxonomy":"category","embeddable":true,"href":"https:\/\/inces.gob.ve\/index.php\/wp-json\/wp\/v2\/categories?post=38700"},{"taxonomy":"post_tag","embeddable":true,"href":"https:\/\/inces.gob.ve\/index.php\/wp-json\/wp\/v2\/tags?post=38700"}],"curies":[{"name":"wp","href":"https:\/\/api.w.org\/{rel}","templated":true}]}}