{"id":38727,"date":"2021-06-08T12:41:23","date_gmt":"2021-06-08T16:41:23","guid":{"rendered":"https:\/\/inces.gob.ve\/?p=38727"},"modified":"2021-06-08T12:41:23","modified_gmt":"2021-06-08T16:41:23","slug":"falcon-entregan-tabletas-canaima-a-centros-de-formacion-inces","status":"publish","type":"post","link":"https:\/\/inces.gob.ve\/index.php\/2021\/06\/08\/falcon-entregan-tabletas-canaima-a-centros-de-formacion-inces\/","title":{"rendered":"FALC\u00d3N | Entregan tabletas Canaima a centros de formaci\u00f3n Inces\u00a0"},"content":{"rendered":"<p style=\"text-align: justify;\" align=\"center\"><strong><em>***La instituci\u00f3n dota de herramientas tecnol\u00f3gicas a los centros de formaci\u00f3n para el avance e impulso de la educaci\u00f3n virtual<\/em><\/strong><u><\/u> <!--more--><u><\/u><\/p>\n<p style=\"text-align: justify;\" align=\"center\"><b><u><\/u>\u00a0<u><\/u><\/b><\/p>\n<p style=\"text-align: justify;\"><b>MIRIAM GONZ\u00c1LEZ VILLARROEL\u00a0<u><\/u><\/b><\/p>\n<p style=\"text-align: justify;\">La Gerencia Regional del Inces en Falc\u00f3n realiz\u00f3 la\u00a0entrega\u00a0de Tabletas Canaima a\u00a0<b>los jefes de los centros de formaci\u00f3n socialista (CFS) de Coro y Punto Fijo; as\u00ed como tambi\u00e9n al Programa de Educaci\u00f3n B\u00e1sica,\u00a0<\/b>con la finalidad de mejorar, impulsar y afianzar tecnol\u00f3gicamente la acci\u00f3n docente de forma digital.<u><\/u><\/p>\n<p style=\"text-align: justify;\"><u><\/u><u><\/u>\u00a0<u><\/u><\/p>\n<p style=\"text-align: justify;\">Expres\u00f3 la gerente regional, Eneyda Mart\u00ednez Rodr\u00edguez, la entrega se efect\u00faa, con el objetivo de cumplir con las l\u00edneas estrat\u00e9gicas y para avanzar hacia la transformaci\u00f3n digital de la instituci\u00f3n. En esta primera fase se entregaron\u00a0<b>Tabletas Canaimita<\/b>\u00a0a los jefes de los centros de formaci\u00f3n del estado Falc\u00f3n, compromiso honrado por iniciativa del Ministro Arist\u00f3bulo Ist\u00fariz, como herramienta de apoyo para los equipos responsables en primera l\u00ednea, para implementar y ejecutar los sistemas y los procesos inherentes a las acciones formativas que se imparten en todo el territorio nacional adscritos a los centros del Inces.<u><\/u>\u00a0<u><\/u><\/p>\n<p>&nbsp;<\/p>\n<p style=\"text-align: justify;\"><u><\/u>\u00a0<u><\/u><\/p>\n<p style=\"text-align: justify;\">Comunic\u00f3, la entrega de \u00e9stos equipos tecnol\u00f3gicos, apuntan al fortalecimiento de la educaci\u00f3n virtual y facilitar\u00e1 las acciones metodolog\u00edas de los contenidos pedag\u00f3gicos, que conlleven a optimizar el desarrollo de las clases que se vienen realizando a distancia, como medida de prevenci\u00f3n ante el distanciamiento social que se vive por la pandemia del coronavirus.<u><\/u>\u00a0<u><\/u><\/p>\n<p style=\"text-align: justify;\"><u><\/u>\u00a0<u><\/u><\/p>\n<p style=\"text-align: justify;\">Masly Espinoza de la Unidad Educativa, manifiesta estar muy agradecida con el presidente del Inces, Wuikelman \u00c1ngel Paredes, por las gestiones realizadas para dotar con esta herramienta tecnol\u00f3gica tan \u00fatil y necesaria en estos momentos, la cual va en funci\u00f3n de continuar mejorando y cumplir con las labores educativas.\u00a0<u><\/u>\u00a0<u><\/u><\/p>\n<p style=\"text-align: justify;\"><u><\/u>\u00a0<u><\/u><\/p>\n<p style=\"text-align: justify;\">\u201cDesde la Unidad Educativa Inces Falc\u00f3n a trav\u00e9s de la metodolog\u00eda teletrabajo seguiremos formando y educando a los participantes, cumpliendo con las orientaciones de Inces y del Ministerio de Educaci\u00f3n. Excelente a iniciativa de otorgar herramientas tecnol\u00f3gicas para que la educaci\u00f3n virtual se desarrolle efectivamente\u201d, acot\u00f3 Espinoza.<u><\/u><\/p>\n","protected":false},"excerpt":{"rendered":"<p>***La instituci\u00f3n dota de herramientas tecnol\u00f3gicas a los centros de formaci\u00f3n para el avance e impulso de la educaci\u00f3n virtual<\/p>\n","protected":false},"author":4,"featured_media":38728,"comment_status":"closed","ping_status":"closed","sticky":false,"template":"","format":"standard","meta":{"footnotes":""},"categories":[2],"tags":[],"class_list":["post-38727","post","type-post","status-publish","format-standard","has-post-thumbnail","hentry","category-blog"],"_links":{"self":[{"href":"https:\/\/inces.gob.ve\/index.php\/wp-json\/wp\/v2\/posts\/38727","targetHints":{"allow":["GET"]}}],"collection":[{"href":"https:\/\/inces.gob.ve\/index.php\/wp-json\/wp\/v2\/posts"}],"about":[{"href":"https:\/\/inces.gob.ve\/index.php\/wp-json\/wp\/v2\/types\/post"}],"author":[{"embeddable":true,"href":"https:\/\/inces.gob.ve\/index.php\/wp-json\/wp\/v2\/users\/4"}],"replies":[{"embeddable":true,"href":"https:\/\/inces.gob.ve\/index.php\/wp-json\/wp\/v2\/comments?post=38727"}],"version-history":[{"count":1,"href":"https:\/\/inces.gob.ve\/index.php\/wp-json\/wp\/v2\/posts\/38727\/revisions"}],"predecessor-version":[{"id":38729,"href":"https:\/\/inces.gob.ve\/index.php\/wp-json\/wp\/v2\/posts\/38727\/revisions\/38729"}],"wp:featuredmedia":[{"embeddable":true,"href":"https:\/\/inces.gob.ve\/index.php\/wp-json\/wp\/v2\/media\/38728"}],"wp:attachment":[{"href":"https:\/\/inces.gob.ve\/index.php\/wp-json\/wp\/v2\/media?parent=38727"}],"wp:term":[{"taxonomy":"category","embeddable":true,"href":"https:\/\/inces.gob.ve\/index.php\/wp-json\/wp\/v2\/categories?post=38727"},{"taxonomy":"post_tag","embeddable":true,"href":"https:\/\/inces.gob.ve\/index.php\/wp-json\/wp\/v2\/tags?post=38727"}],"curies":[{"name":"wp","href":"https:\/\/api.w.org\/{rel}","templated":true}]}}