{"id":38784,"date":"2021-06-11T13:07:15","date_gmt":"2021-06-11T17:07:15","guid":{"rendered":"https:\/\/inces.gob.ve\/?p=38784"},"modified":"2021-06-11T13:07:15","modified_gmt":"2021-06-11T17:07:15","slug":"trujillo-una-criollisima-dulceria-se-desarrolla-en-los-andes","status":"publish","type":"post","link":"https:\/\/inces.gob.ve\/index.php\/2021\/06\/11\/trujillo-una-criollisima-dulceria-se-desarrolla-en-los-andes\/","title":{"rendered":"TRUJILLO | Una crioll\u00edsima dulcer\u00eda se desarrolla en Los Andes"},"content":{"rendered":"<p style=\"text-align: justify;\" align=\"justify\"><span style=\"font-size: 14pt;\"><strong><em>** Con herramienta tecnol\u00f3gicas como el WhatsApp se crean grupos de chat para compartir clases virtuales, videollamadas, grabaciones, videos, fotos, im\u00e1genes y otros archivos<\/em><\/strong><!--more--><\/span><\/p>\n<p align=\"justify\">\n<p style=\"text-align: justify;\" align=\"justify\"><strong><span style=\"font-size: 14pt;\">MAR\u00cdA CABRERA<\/span><\/strong><\/p>\n<p style=\"text-align: justify;\" align=\"justify\"><span style=\"font-size: 14pt;\">Una formaci\u00f3n \u201ccrioll\u00edsima\u201d est\u00e1 desarrollando el programa de Turismo del Centro Formaci\u00f3n Socialista \u201cBarbarita de La Torre\u201d del Instituto Nacional de Capacitaci\u00f3n y Educaci\u00f3n Socialista de Trujillo, a cargo de Marlene Umbr\u00eda, quien de verdad est\u00e1 viviendo un buen momento junto al personal que le acompa\u00f1a como los maestros t\u00e9cnicos productivos (MTP) Eyilda Bastidas y Jordi Bastidas.<\/span><\/p>\n<p align=\"justify\">\n<p style=\"text-align: justify;\" align=\"justify\"><span style=\"font-size: 14pt;\">En esta oportunidad, dice Marlene Umbr\u00eda, coordinadora del programa Turismo en el Inces-Trujillo, el curso de \u201cDulcer\u00eda Criolla\u201d ha logrado despertar la creatividad de muchas damas y hasta caballeros que de forma insistente desde el comienzo de este a\u00f1o 2021 le solicitaban informaci\u00f3n sobre este tipo de formaci\u00f3n que el pasado a\u00f1o por la novedad del covid-19 no se pudo concretar como se quer\u00eda.<\/span><\/p>\n<p align=\"justify\">\n<p style=\"text-align: justify;\" align=\"justify\"><span style=\"font-size: 14pt;\">\u00abEn la actualidad contamos con 66 personas de las cuales 55 son mujeres y 11 caballeros, cifra buena, porque marcar\u00e1 la pauta para sucesivos cursos en el mismo ramo, que, por esta temporada, siempre se elevan, ya que la experiencia nos demuestra ese tipo de comportamiento, dice Umbr\u00eda.<\/span><\/p>\n<p align=\"justify\">\n<p style=\"text-align: justify;\" align=\"justify\"><span style=\"font-size: 14pt;\">Es importante resaltar que esto se logra con\u00a0 herramienta tecnol\u00f3gicas como WhatsApp, que ha permitido la creaci\u00f3n de grupos de chat para compartir clases virtuales, videollamadas, grabaciones, videos, fotos, im\u00e1genes y otros archivos. Todo esto ha sido de gran ayuda para los MTP ya que promueve el trabajo colaborativo e intercambio de contenidos entre los participantes\u00bb.<\/span><\/p>\n<p align=\"justify\">\n<p style=\"text-align: justify;\" align=\"justify\"><span style=\"font-size: 14pt;\">\u00abEsta modalidad virtual nos proporciona buenos resultados, porque incluso algunos de nuestros maestros t\u00e9cnicos productivos nos comentan que, incluso ya terminado el horario de atenci\u00f3n, y hay algunos que se quedan para aportar cosas, preguntar y aclarar dudas, gracias a la armon\u00eda que se logr\u00f3 construir con entre participantes, facilitadores y coordinaci\u00f3n de programa\u00bb, se\u00f1al\u00f3 la coordinadora.<br \/>\n<\/span><\/p>\n<p align=\"justify\">\n<p style=\"text-align: justify;\" align=\"justify\"><span style=\"font-size: 14pt;\">Todo esto se ha podido lograr a trav\u00e9s de la modalidad de formaci\u00f3n a distancia que el Inces viene implementando durante este periodo de cuarentena social y colectiva nacional por el covid-19, prorrogado por el Gobierno Nacional del presidente Nicol\u00e1s Maduro Moros.<\/span><\/p>\n<p align=\"justify\">\n<p style=\"text-align: justify;\" align=\"justify\"><span style=\"font-size: 14pt;\">La coordinadora del Programa de Turismo de Inces Trujillo no se enga\u00f1a y por eso manifiesta que las dificultades tecnol\u00f3gicas tambi\u00e9n los afectan; no obstante, y acatando la direcci\u00f3n de la Gerencia Regional de avanzar por encima de las circunstancias, es que se logr\u00f3 que todo se encamine.<\/span><\/p>\n<p align=\"justify\">\n<p style=\"text-align: justify;\" align=\"justify\"><span style=\"font-size: 14pt;\">\u00abClaro que tenemos dificultades y duras, como todos los que coordinamos programas, pero con paciencia, perseverancia es que logramos salir adelante; y en ese particular deseo expresar mi agradecimiento a Ang\u00e9lica Mor\u00f3n Aldana, que me ha concedido cierta independencia en las tareas, pero con el control y seguimiento propio de la Gerencia Regional desarrolla en los programas\u00bb, recalc\u00f3 para finalizar Marlene Umbr\u00eda, coordinadora del Programa Turismo.<\/span><\/p>\n","protected":false},"excerpt":{"rendered":"<p>** Con herramienta tecnol\u00f3gicas como el WhatsApp se crean grupos de chat para compartir clases virtuales, videollamadas, grabaciones, videos, fotos, im\u00e1genes y otros archivos<\/p>\n","protected":false},"author":4,"featured_media":38786,"comment_status":"closed","ping_status":"closed","sticky":false,"template":"","format":"standard","meta":{"footnotes":""},"categories":[2],"tags":[],"class_list":["post-38784","post","type-post","status-publish","format-standard","has-post-thumbnail","hentry","category-blog"],"_links":{"self":[{"href":"https:\/\/inces.gob.ve\/index.php\/wp-json\/wp\/v2\/posts\/38784","targetHints":{"allow":["GET"]}}],"collection":[{"href":"https:\/\/inces.gob.ve\/index.php\/wp-json\/wp\/v2\/posts"}],"about":[{"href":"https:\/\/inces.gob.ve\/index.php\/wp-json\/wp\/v2\/types\/post"}],"author":[{"embeddable":true,"href":"https:\/\/inces.gob.ve\/index.php\/wp-json\/wp\/v2\/users\/4"}],"replies":[{"embeddable":true,"href":"https:\/\/inces.gob.ve\/index.php\/wp-json\/wp\/v2\/comments?post=38784"}],"version-history":[{"count":2,"href":"https:\/\/inces.gob.ve\/index.php\/wp-json\/wp\/v2\/posts\/38784\/revisions"}],"predecessor-version":[{"id":38787,"href":"https:\/\/inces.gob.ve\/index.php\/wp-json\/wp\/v2\/posts\/38784\/revisions\/38787"}],"wp:featuredmedia":[{"embeddable":true,"href":"https:\/\/inces.gob.ve\/index.php\/wp-json\/wp\/v2\/media\/38786"}],"wp:attachment":[{"href":"https:\/\/inces.gob.ve\/index.php\/wp-json\/wp\/v2\/media?parent=38784"}],"wp:term":[{"taxonomy":"category","embeddable":true,"href":"https:\/\/inces.gob.ve\/index.php\/wp-json\/wp\/v2\/categories?post=38784"},{"taxonomy":"post_tag","embeddable":true,"href":"https:\/\/inces.gob.ve\/index.php\/wp-json\/wp\/v2\/tags?post=38784"}],"curies":[{"name":"wp","href":"https:\/\/api.w.org\/{rel}","templated":true}]}}