{"id":38805,"date":"2021-06-14T11:27:20","date_gmt":"2021-06-14T15:27:20","guid":{"rendered":"https:\/\/inces.gob.ve\/?p=38805"},"modified":"2021-06-14T11:27:20","modified_gmt":"2021-06-14T15:27:20","slug":"tachira-inces-participa-en-la-1era-expo-asamblea-de-productores-de-cacao-y-chocolate","status":"publish","type":"post","link":"https:\/\/inces.gob.ve\/index.php\/2021\/06\/14\/tachira-inces-participa-en-la-1era-expo-asamblea-de-productores-de-cacao-y-chocolate\/","title":{"rendered":"T\u00c1CHIRA &#8211; Inces participa en la 1era expo asamblea de productores de cacao y chocolate"},"content":{"rendered":"<p style=\"text-align: justify;\"><em><strong><span style=\"font-size: 14pt;\">** Un total de 50 participantes fueron formados en el municipio C\u00f3rdoba<\/span><\/strong><\/em><!--more--><\/p>\n<p>&nbsp;<\/p>\n<p style=\"text-align: justify;\">\n<strong><span style=\"font-size: 14pt;\">ANDREA CABALLERO<\/span><\/strong><\/p>\n<p style=\"text-align: justify;\"><span style=\"font-size: 14pt;\">Con el fin de promover la producci\u00f3n de cacao en el municipio C\u00f3rdoba, la gerencia del Inces T\u00e1chira, en conjunto con el Ministerio deL Poder Popular para la Agricultura y Tierras (MAT) y el maestro t\u00e9cnico voluntario Miguel Delvis, realizaron la \u201c1era expoasamblea de productores de cacao y chocolate Cordoba 2021\u201d.<\/span><\/p>\n<p>&nbsp;<\/p>\n<p style=\"text-align: justify;\"><span style=\"font-size: 14pt;\">Desde los galpones del MAT, del municipio C\u00f3rdoba, 50 participantes de la formaci\u00f3n t\u00e9cnico profesional de \u201cprocesamiento de cacao\u201d, llevaron a cabo la expoproductiva de chocolate y cacao, en el cual presentaron a las autoridades del Inces, MAT, la alcald\u00eda bolivariana de C\u00f3rdoba y al Gabinete Social del Protectorado del estado, lo aprendido durante el proceso de formaci\u00f3n.<\/span><\/p>\n<p>&nbsp;<\/p>\n<p style=\"text-align: justify;\"><span style=\"font-size: 14pt;\">Geovanni Gonz\u00e1lez, gerente de la regional T\u00e1chira, recalc\u00f3 la importancia que tiene la formaci\u00f3n para el reconociendo del municipio como una entidad cacaotera en la producci\u00f3n y procesamiento del cacao, con un producto 100% natural e impulsando la creaci\u00f3n de UPS y EPS<\/span><\/p>\n<p>&nbsp;<\/p>\n<p style=\"text-align: justify;\"><span style=\"font-size: 14pt;\">De igual manera, el gerente, reconoci\u00f3 el trabajo que viene ejecutando el presidente del Inces Wuilkelman Angel Paredes, el gobierno regional y el protector del estado Freddy Bernal, para fortalecer e impulsar la formaci\u00f3n en cada rinc\u00f3n de la regi\u00f3n andina.<\/span><\/p>\n","protected":false},"excerpt":{"rendered":"<p>** Un total de 50 participantes fueron formados en el municipio C\u00f3rdoba<\/p>\n","protected":false},"author":4,"featured_media":38806,"comment_status":"closed","ping_status":"closed","sticky":false,"template":"","format":"standard","meta":{"footnotes":""},"categories":[2],"tags":[],"class_list":["post-38805","post","type-post","status-publish","format-standard","has-post-thumbnail","hentry","category-blog"],"_links":{"self":[{"href":"https:\/\/inces.gob.ve\/index.php\/wp-json\/wp\/v2\/posts\/38805","targetHints":{"allow":["GET"]}}],"collection":[{"href":"https:\/\/inces.gob.ve\/index.php\/wp-json\/wp\/v2\/posts"}],"about":[{"href":"https:\/\/inces.gob.ve\/index.php\/wp-json\/wp\/v2\/types\/post"}],"author":[{"embeddable":true,"href":"https:\/\/inces.gob.ve\/index.php\/wp-json\/wp\/v2\/users\/4"}],"replies":[{"embeddable":true,"href":"https:\/\/inces.gob.ve\/index.php\/wp-json\/wp\/v2\/comments?post=38805"}],"version-history":[{"count":1,"href":"https:\/\/inces.gob.ve\/index.php\/wp-json\/wp\/v2\/posts\/38805\/revisions"}],"predecessor-version":[{"id":38807,"href":"https:\/\/inces.gob.ve\/index.php\/wp-json\/wp\/v2\/posts\/38805\/revisions\/38807"}],"wp:featuredmedia":[{"embeddable":true,"href":"https:\/\/inces.gob.ve\/index.php\/wp-json\/wp\/v2\/media\/38806"}],"wp:attachment":[{"href":"https:\/\/inces.gob.ve\/index.php\/wp-json\/wp\/v2\/media?parent=38805"}],"wp:term":[{"taxonomy":"category","embeddable":true,"href":"https:\/\/inces.gob.ve\/index.php\/wp-json\/wp\/v2\/categories?post=38805"},{"taxonomy":"post_tag","embeddable":true,"href":"https:\/\/inces.gob.ve\/index.php\/wp-json\/wp\/v2\/tags?post=38805"}],"curies":[{"name":"wp","href":"https:\/\/api.w.org\/{rel}","templated":true}]}}