{"id":38826,"date":"2021-06-15T09:22:33","date_gmt":"2021-06-15T13:22:33","guid":{"rendered":"https:\/\/inces.gob.ve\/?p=38826"},"modified":"2021-06-15T09:22:33","modified_gmt":"2021-06-15T13:22:33","slug":"guarico-el-inces-acompana-a-trabajadores-de-nutrivida-en-la-conformacion-del-consejo-productivo-de-trabajadores","status":"publish","type":"post","link":"https:\/\/inces.gob.ve\/index.php\/2021\/06\/15\/guarico-el-inces-acompana-a-trabajadores-de-nutrivida-en-la-conformacion-del-consejo-productivo-de-trabajadores\/","title":{"rendered":"GU\u00c1RICO | El Inces acompa\u00f1a a trabajadores de Nutrivida en la conformaci\u00f3n del consejo productivo de trabajadores"},"content":{"rendered":"<p class=\"western\" align=\"justify\"><span style=\"font-family: Arial, sans-serif;\"><span style=\"font-size: medium;\"><i><b>*** Con miras a la elaboraci\u00f3n del plan formativo de la planta Nutrivida de San Juan de los Morros, el Inces conjuntamente con el CEET realiz\u00f3 el acompa\u00f1amiento el proceso de conformaci\u00f3n del Consejo Productivo de Trabajadores de esta entidad de trabajo<\/b><\/i><\/span><\/span><!--more--><\/p>\n<p class=\"western\" align=\"justify\">\n<p class=\"western\" align=\"justify\"><span style=\"font-family: Arial, sans-serif;\"><span style=\"font-size: medium;\"><b>JULIO RODR\u00cdGUEZ<\/b><\/span><\/span><\/p>\n<p class=\"western\" align=\"justify\"><span style=\"font-family: Arial, sans-serif;\"><span style=\"font-size: medium;\">Con el acompa\u00f1amiento del Inces Gu\u00e1rico, del Centro de Encuentro para la Educaci\u00f3n y el Trabajo CEET, los trabajadores y trabajadoras de la planta Nutrivida de San Juan de los Morros conformaron su Consejo Productivo de Trabajadores.<\/span><\/span><\/p>\n<p class=\"western\" align=\"justify\">\n<p class=\"western\" align=\"justify\"><span style=\"font-family: Arial, sans-serif;\"><span style=\"font-size: medium;\">As\u00ed lo inform\u00f3 Arisela Medina, gerente regional de Inces Gu\u00e1rico, quien agreg\u00f3 que previamente se realizaron reuniones de coordinaci\u00f3n con el Ministerio del Poder Popular para el Proceso Social del Trabajo para planificar abordaje a entidades que van a renovar sus consejos productivos de trabajadores, las cuales permitieron llegar este punto.<\/span><\/span><\/p>\n<p class=\"western\" align=\"justify\">\n<p class=\"western\" align=\"justify\"><span style=\"font-family: Arial, sans-serif;\"><span style=\"font-size: medium;\">Por su parte Eliomar Rivas, jefe de la Divisi\u00f3n de Formaci\u00f3n Profesional de Inces Gu\u00e1rico se\u00f1al\u00f3 que el objetivo es constituir los Consejos Productivos de Trabajadores y una vez constituidos hacer el diagn\u00f3stico de las entidades e identificar los nudos cr\u00edticos existentes para construir el plan productivo y convertir los nudos cr\u00edticos en l\u00edneas de investigaci\u00f3n que generar\u00edan a su vez el plan formativo.<\/span><\/span><\/p>\n<p class=\"western\" align=\"justify\">\n<p class=\"western\" align=\"justify\"><span style=\"font-family: Arial, sans-serif;\"><span style=\"font-size: medium;\">Rivas destac\u00f3 que la mayor responsabilidad de la ejecuci\u00f3n del plan formativo recae sobre el Inces y la Universidad Bolivariana de Trabajadores Jes\u00fas Rivero y posteriormente se van a incorporar la Unerg y la Universidad Sim\u00f3n Rodriguez.<\/span><\/span><\/p>\n","protected":false},"excerpt":{"rendered":"<p>*** Con miras a la elaboraci\u00f3n del plan formativo de la planta Nutrivida de San Juan de los Morros, el Inces conjuntamente con el CEET realiz\u00f3 el acompa\u00f1amiento el proceso de conformaci\u00f3n del Consejo Productivo de Trabajadores de esta entidad de trabajo<\/p>\n","protected":false},"author":4,"featured_media":38827,"comment_status":"closed","ping_status":"closed","sticky":false,"template":"","format":"standard","meta":{"footnotes":""},"categories":[2],"tags":[],"class_list":["post-38826","post","type-post","status-publish","format-standard","has-post-thumbnail","hentry","category-blog"],"_links":{"self":[{"href":"https:\/\/inces.gob.ve\/index.php\/wp-json\/wp\/v2\/posts\/38826","targetHints":{"allow":["GET"]}}],"collection":[{"href":"https:\/\/inces.gob.ve\/index.php\/wp-json\/wp\/v2\/posts"}],"about":[{"href":"https:\/\/inces.gob.ve\/index.php\/wp-json\/wp\/v2\/types\/post"}],"author":[{"embeddable":true,"href":"https:\/\/inces.gob.ve\/index.php\/wp-json\/wp\/v2\/users\/4"}],"replies":[{"embeddable":true,"href":"https:\/\/inces.gob.ve\/index.php\/wp-json\/wp\/v2\/comments?post=38826"}],"version-history":[{"count":1,"href":"https:\/\/inces.gob.ve\/index.php\/wp-json\/wp\/v2\/posts\/38826\/revisions"}],"predecessor-version":[{"id":38828,"href":"https:\/\/inces.gob.ve\/index.php\/wp-json\/wp\/v2\/posts\/38826\/revisions\/38828"}],"wp:featuredmedia":[{"embeddable":true,"href":"https:\/\/inces.gob.ve\/index.php\/wp-json\/wp\/v2\/media\/38827"}],"wp:attachment":[{"href":"https:\/\/inces.gob.ve\/index.php\/wp-json\/wp\/v2\/media?parent=38826"}],"wp:term":[{"taxonomy":"category","embeddable":true,"href":"https:\/\/inces.gob.ve\/index.php\/wp-json\/wp\/v2\/categories?post=38826"},{"taxonomy":"post_tag","embeddable":true,"href":"https:\/\/inces.gob.ve\/index.php\/wp-json\/wp\/v2\/tags?post=38826"}],"curies":[{"name":"wp","href":"https:\/\/api.w.org\/{rel}","templated":true}]}}