{"id":38833,"date":"2021-06-16T03:13:24","date_gmt":"2021-06-16T07:13:24","guid":{"rendered":"https:\/\/inces.gob.ve\/?p=38833"},"modified":"2021-06-15T20:14:12","modified_gmt":"2021-06-16T00:14:12","slug":"aragua-inces-inicia-formaciones-con-la-empresa-bolivariana-vias-aragua","status":"publish","type":"post","link":"https:\/\/inces.gob.ve\/index.php\/2021\/06\/16\/aragua-inces-inicia-formaciones-con-la-empresa-bolivariana-vias-aragua\/","title":{"rendered":"ARAGUA | Inces inicia formaciones con la empresa bolivariana V\u00edas Aragua"},"content":{"rendered":"<p><em><strong>** En alianza interinstitucional con la gobernaci\u00f3n de la entidad arague\u00f1a, a trav\u00e9s de V\u00edas Aragua, el Inces inicia formaciones en mec\u00e1nica diesel y electricidad de autom\u00f3vil<\/strong><\/em><!--more--><\/p>\n<p><b>RODIN BUSTILLOS<\/b><\/p>\n<p>El gerente regional del Inces Aragua, Oliver Medina, en reuni\u00f3n conjunta con la empresa Bolivariana V\u00edas Aragua, logr\u00f3 iniciar las formaciones en materia automotriz. Con estas formaciones estaremos garantizando que las unidades productivas de la instituci\u00f3n, logren recuperar el parque de la gobernaci\u00f3n, en conjunto con la empresa Bolivariana V\u00edas Aragua\u00bb.<\/p>\n<p>&nbsp;<\/p>\n<p>Inform\u00f3 que los participantes tendr\u00e1n la oportunidad de formarse y ser contratados por la empresa. \u00abEstos participantes de la comunidad de Santa Cruz y zonas aleda\u00f1as en el municipio Jos\u00e9 \u00c1ngel Lamas, podr\u00e1n tener la oportunidad de ser contratados por V\u00edas Aragua, en funci\u00f3n de sus habilidades y destrezas mostrar\u00e1n sus capacidades de la formaci\u00f3n recibida a trav\u00e9s del Inces\u00bb.<\/p>\n<p>&nbsp;<\/p>\n<p>Inform\u00f3 Medina que los espacios de V\u00edas Aragua tienen las condiciones aptas para iniciar las formaciones. \u201cSe formar\u00e1n brigadas productivas en latoner\u00eda y pintura, as\u00ed como de mec\u00e1nica de frenos, y en cuanto en la recuperaci\u00f3n de partes y piezas del tren delantero, estamos apoyando a la gobernaci\u00f3n del estado Bolivariano de Aragua en el parque automotor, con la educaci\u00f3n y la Formaci\u00f3n T\u00e9cnica Profesional y Productiva, dando un impulso a los espacios comunitarios a trav\u00e9s de nuestros maestros t\u00e9cnicos Productivos e instructores del centro de formaci\u00f3n socialista (CFS) Cagua y el Centro de Mec\u00e1nica Automotriz (CEMA). En conjunto con los participantes se garantiza que la educaci\u00f3n p\u00fablica, a trav\u00e9s de la formaci\u00f3n t\u00e9cnica profesional y productiva, sea la punta de lanza para el desarrollo productivo del pa\u00eds\u00bb.<\/p>\n<p>&nbsp;<\/p>\n<p>Consider\u00f3 Medina que a ra\u00edz del bloqueo econ\u00f3mico financiero impuesto por el imperio norteamericano, no hay la posibilidad de conseguir piezas del parque automotor por los elevados costos y la entrada de piezas a trav\u00e9s de la importaci\u00f3n. \u00abNuestra instituci\u00f3n a trav\u00e9s del equipo humano y con maquinarias y la voluntad de la comunidad, podemos fabricar piezas y volver a activar la unidad automotriz para el servicio del pa\u00eds\u00bb, acot\u00f3 Medina.<\/p>\n","protected":false},"excerpt":{"rendered":"<p>** En alianza interinstitucional con la gobernaci\u00f3n de la entidad arague\u00f1a, a trav\u00e9s de V\u00edas Aragua, el Inces inicia formaciones en mec\u00e1nica diesel y electricidad de autom\u00f3vil<\/p>\n","protected":false},"author":4,"featured_media":38797,"comment_status":"closed","ping_status":"closed","sticky":false,"template":"","format":"standard","meta":{"footnotes":""},"categories":[2],"tags":[],"class_list":["post-38833","post","type-post","status-publish","format-standard","has-post-thumbnail","hentry","category-blog"],"_links":{"self":[{"href":"https:\/\/inces.gob.ve\/index.php\/wp-json\/wp\/v2\/posts\/38833","targetHints":{"allow":["GET"]}}],"collection":[{"href":"https:\/\/inces.gob.ve\/index.php\/wp-json\/wp\/v2\/posts"}],"about":[{"href":"https:\/\/inces.gob.ve\/index.php\/wp-json\/wp\/v2\/types\/post"}],"author":[{"embeddable":true,"href":"https:\/\/inces.gob.ve\/index.php\/wp-json\/wp\/v2\/users\/4"}],"replies":[{"embeddable":true,"href":"https:\/\/inces.gob.ve\/index.php\/wp-json\/wp\/v2\/comments?post=38833"}],"version-history":[{"count":1,"href":"https:\/\/inces.gob.ve\/index.php\/wp-json\/wp\/v2\/posts\/38833\/revisions"}],"predecessor-version":[{"id":38834,"href":"https:\/\/inces.gob.ve\/index.php\/wp-json\/wp\/v2\/posts\/38833\/revisions\/38834"}],"wp:featuredmedia":[{"embeddable":true,"href":"https:\/\/inces.gob.ve\/index.php\/wp-json\/wp\/v2\/media\/38797"}],"wp:attachment":[{"href":"https:\/\/inces.gob.ve\/index.php\/wp-json\/wp\/v2\/media?parent=38833"}],"wp:term":[{"taxonomy":"category","embeddable":true,"href":"https:\/\/inces.gob.ve\/index.php\/wp-json\/wp\/v2\/categories?post=38833"},{"taxonomy":"post_tag","embeddable":true,"href":"https:\/\/inces.gob.ve\/index.php\/wp-json\/wp\/v2\/tags?post=38833"}],"curies":[{"name":"wp","href":"https:\/\/api.w.org\/{rel}","templated":true}]}}