{"id":38926,"date":"2021-06-22T10:24:32","date_gmt":"2021-06-22T14:24:32","guid":{"rendered":"https:\/\/inces.gob.ve\/?p=38926"},"modified":"2021-06-22T10:24:32","modified_gmt":"2021-06-22T14:24:32","slug":"trujillo-inces-celebrara-los-200-anos-de-carabobo-y-las-fiestas-de-san-juan-bautista","status":"publish","type":"post","link":"https:\/\/inces.gob.ve\/index.php\/2021\/06\/22\/trujillo-inces-celebrara-los-200-anos-de-carabobo-y-las-fiestas-de-san-juan-bautista\/","title":{"rendered":"TRUJILLO | Inces celebrar\u00e1 los 200 a\u00f1os de Carabobo y las fiestas de San Juan Bautista"},"content":{"rendered":"<p style=\"text-align: justify;\" align=\"justify\"><strong><em>** <span style=\"font-size: 14pt;\">Los dos motivos ser\u00e1n raz\u00f3n para que los trabajadores del Inces-Trujillo en el municipio Valera se preparen para celebrar unos desde su hogar, y otros en la misa solemne en la Iglesia San Juan Bautista, que ser\u00e1 a media ma\u00f1ana con paso restringido de p\u00fablico y bajo fuertes medidas de bioseguridad<\/span><\/em><\/strong><!--more--><\/p>\n<p style=\"text-align: justify;\" align=\"justify\">\n<p align=\"justify\"><span style=\"font-size: 14pt;\"><strong>MAR\u00cdA CABRERA<\/strong><\/span><\/p>\n<p style=\"text-align: justify;\" align=\"justify\"><span style=\"font-size: 14pt;\">Este 24 de junio para los venezolanos y los valeranos es una fecha emblem\u00e1tica por partida doble: festejar los 200 a\u00f1os de la Batalla de Carabobo y la festividad por el nacimiento de San Juan Bautista, patrono de la ciudad de Valera, en el estado Trujillo, raz\u00f3n por la cual el Inces se prepara junto a sus trabajadores para asistir con las medidas de bioseguridad a los actos para este d\u00eda.<\/span><\/p>\n<p align=\"justify\">\n<p style=\"text-align: justify;\" align=\"justify\"><span style=\"font-size: 14pt;\">Y es que la ocasi\u00f3n no pod\u00eda ser mejor. Ya son conocidas las actividades p\u00fablicas en las que el Inces se sumar\u00e1 junto al Ministerio del Poder Popular de Educaci\u00f3n y el Gobierno Nacional, presidido por Nicol\u00e1s Maduro Moros, los cuales ser\u00e1n transmitidos por los medios de comunicaci\u00f3n social donde, se cumplir\u00e1 la agenda de la Comisi\u00f3n Presidencial Bicentenaria Batalla y Victoria de Carabobo.<\/span><\/p>\n<p align=\"justify\">\n<p style=\"text-align: justify;\" align=\"justify\"><span style=\"font-size: 14pt;\">Esta comisi\u00f3n lideada por la vicepresidente de la Rep\u00fablica, Delcy Rodr\u00edguez, realiz\u00f3 una reuni\u00f3n con cada uno de los representantes ministeriales a objeto de conocer pormenores sobre de la agenda de actividades encomendadas para la celebraci\u00f3n que sell\u00f3 nuestra independencia y que se desarrollar\u00e1 en uni\u00f3n c\u00edvico-militar en todo el territorio nacional.<\/span><\/p>\n<p align=\"justify\">\n<p style=\"text-align: justify;\" align=\"justify\"><span style=\"font-size: 14pt;\">Por su parte, el Inces desde hace unos d\u00edas promovi\u00f3 el desarrollo de actividades socioculturales integrando a cada uno de los Centros de Formaci\u00f3n Socialista y sus respectivos n\u00facleos en todo el pa\u00eds para la conmemoraci\u00f3n de estos 200 a\u00f1os de la victoriosa Batalla de Carabobo con el Congreso Nacional de la Juventud Patri\u00f3tica.<\/span><\/p>\n<p align=\"justify\">\n<p style=\"text-align: justify;\" align=\"justify\"><span style=\"font-size: 14pt;\">Cada uno de los n\u00facleos Inces envi\u00f3 el material solicitado por el Coordinador Nacional de la Juventud Productiva, Eduardo Salazar para esta actividad como parte de la Ruta Bicentenaria en uni\u00f3n de los institutos de acci\u00f3n docente delegadas que servir\u00e1n de la m\u00e1s amplia difusi\u00f3n, comprensi\u00f3n, reflexi\u00f3n y apropiaci\u00f3n de estos hechos transcendentales para la Patria por parte de nuestros aprendices, bachilleres productivos y participantes.<\/span><\/p>\n<p align=\"justify\">\n<p style=\"text-align: justify;\" align=\"justify\"><span style=\"font-size: 14pt;\">Igualmente, Valera celebrara el nacimiento de su Santo Patrono, San Juan Bautista con la misa solemne que a diferencia de a\u00f1os anteriores dada la cuarentena colectiva decretada a nivel nacional debido a la pandemia por el covid-19, ser\u00e1 en el seno de cada hogar donde con la fe y el fervor de los pueblos andinos, se celebre al Santo con el encendido de velas y rezos propios de la solemnidad.<\/span><\/p>\n<p align=\"justify\">\n<p style=\"text-align: justify;\" align=\"justify\"><span style=\"font-size: 14pt;\">En a\u00f1os anteriores, cada 24 de junio, se festejaba con el tradicional repique de tambores y campanas, las danzas, los cohetones y el compartir de alimentos y bebidas que hacen de esta, una de las fiestas religiosas m\u00e1s difundidas en todo el pa\u00eds y en especial en Valera, que por el tema de la pandemia se sumar\u00e1 junto a su Iglesia Cat\u00f3lica a respetar las normas de bioseguridad.<\/span><\/p>\n","protected":false},"excerpt":{"rendered":"<p>** Los dos motivos ser\u00e1n raz\u00f3n para que los trabajadores del Inces-Trujillo en el municipio Valera se preparen para celebrar unos desde su hogar, y otros en la misa solemne en la Iglesia San Juan Bautista, que ser\u00e1 a media ma\u00f1ana con paso restringido de p\u00fablico y bajo fuertes medidas de bioseguridad<\/p>\n","protected":false},"author":4,"featured_media":38927,"comment_status":"closed","ping_status":"closed","sticky":false,"template":"","format":"standard","meta":{"footnotes":""},"categories":[2],"tags":[],"class_list":["post-38926","post","type-post","status-publish","format-standard","has-post-thumbnail","hentry","category-blog"],"_links":{"self":[{"href":"https:\/\/inces.gob.ve\/index.php\/wp-json\/wp\/v2\/posts\/38926","targetHints":{"allow":["GET"]}}],"collection":[{"href":"https:\/\/inces.gob.ve\/index.php\/wp-json\/wp\/v2\/posts"}],"about":[{"href":"https:\/\/inces.gob.ve\/index.php\/wp-json\/wp\/v2\/types\/post"}],"author":[{"embeddable":true,"href":"https:\/\/inces.gob.ve\/index.php\/wp-json\/wp\/v2\/users\/4"}],"replies":[{"embeddable":true,"href":"https:\/\/inces.gob.ve\/index.php\/wp-json\/wp\/v2\/comments?post=38926"}],"version-history":[{"count":1,"href":"https:\/\/inces.gob.ve\/index.php\/wp-json\/wp\/v2\/posts\/38926\/revisions"}],"predecessor-version":[{"id":38928,"href":"https:\/\/inces.gob.ve\/index.php\/wp-json\/wp\/v2\/posts\/38926\/revisions\/38928"}],"wp:featuredmedia":[{"embeddable":true,"href":"https:\/\/inces.gob.ve\/index.php\/wp-json\/wp\/v2\/media\/38927"}],"wp:attachment":[{"href":"https:\/\/inces.gob.ve\/index.php\/wp-json\/wp\/v2\/media?parent=38926"}],"wp:term":[{"taxonomy":"category","embeddable":true,"href":"https:\/\/inces.gob.ve\/index.php\/wp-json\/wp\/v2\/categories?post=38926"},{"taxonomy":"post_tag","embeddable":true,"href":"https:\/\/inces.gob.ve\/index.php\/wp-json\/wp\/v2\/tags?post=38926"}],"curies":[{"name":"wp","href":"https:\/\/api.w.org\/{rel}","templated":true}]}}