{"id":38933,"date":"2021-06-23T07:49:56","date_gmt":"2021-06-23T11:49:56","guid":{"rendered":"https:\/\/inces.gob.ve\/?p=38933"},"modified":"2021-06-23T07:50:40","modified_gmt":"2021-06-23T11:50:40","slug":"aragua-inces-sostuvo-reunion-con-fundacite-para-el-bienestar-de-los-pueblos","status":"publish","type":"post","link":"https:\/\/inces.gob.ve\/index.php\/2021\/06\/23\/aragua-inces-sostuvo-reunion-con-fundacite-para-el-bienestar-de-los-pueblos\/","title":{"rendered":"ARAGUA | Inces sostuvo reuni\u00f3n con Fundacite para el bienestar de los pueblos"},"content":{"rendered":"<p style=\"text-align: justify;\" align=\"center\"><span style=\"font-size: 14pt;\"><em><span style=\"font-family: Arial, serif;\"><b>** Fomentamos saberes que trasciendan las fronteras y el tiempo en beneficio del colectivo<\/b><\/span><\/em><!--more--><\/span><\/p>\n<p>&nbsp;<\/p>\n<p style=\"text-align: justify;\"><span style=\"font-size: 14pt;\"><strong>NINOSKA PATRIZ<\/strong><\/span><\/p>\n<p style=\"text-align: justify;\" align=\"justify\"><span style=\"font-size: 14pt;\"><span style=\"font-family: Arial, serif;\"><b>Desde la Sede del Inces Aragua se articul\u00f3 la presencia y muestra productiva de caf\u00e9, cacao, pl\u00e1ntulas y emprendimientos propios, resultantes de los encuentros del Congreso Bicentenario de los Pueblos<\/b><\/span><span style=\"font-family: Arial, serif;\">, cap\u00edtulo Investigaci\u00f3n y Formaci\u00f3n, adem\u00e1s de las creaciones de los participantes en los cursos dictados en alianza desde los espacios de la Escuela de Chocolater\u00eda del Alba. <\/span><\/span><\/p>\n<p style=\"text-align: justify;\" align=\"justify\"><span style=\"font-size: 14pt;\"><span style=\"font-family: Arial, serif;\">La misma se realizar\u00e1 en los espacios del Inces La Candelaria, junto a\u00a0 diferentes exposiciones, fruto de la constancia y el esfuerzo indetenible de los 15 Centros de Formaci\u00f3n Socialistas (CFS) Inces de la regi\u00f3n. <\/span><\/span><\/p>\n<p style=\"text-align: justify;\" align=\"justify\"><span style=\"font-size: 14pt;\">\u201c<span style=\"font-family: Arial, serif;\"><b>A prop\u00f3sito de la conmemoraci\u00f3n del Bicentenario Carabobo, queremos resaltar las fortalezas que tenemos en cuanto al procesamiento y conservaci\u00f3n de alimentos as\u00ed como nuestros avances en el \u00e1mbito de la Innovaci\u00f3n Cient\u00edfica y Tecnol\u00f3gica.<\/b><\/span><span style=\"font-family: Arial, serif;\"> Y en este sentido, hemos apoyado la creaci\u00f3n de Empresas Productivas Familiares (EPF) que hoy por hoy abastecen a sus comunidades y parroquias. Con m\u00e1s de 55mil egresados en cursos y oficios, podemos decir que en el desarrollo integral de cada individuo vamos sumando al crecimiento y afianzamiento de la independencia de nuestro pa\u00eds\u201d, expuso Oliver Medina, gerente general del Inces Aragua.<\/span><\/span><\/p>\n<p style=\"text-align: justify;\" align=\"justify\"><span style=\"font-size: 14pt;\"><span style=\"font-family: Arial, serif;\">Por su parte,\u00a0 el\u00a0 Director de Fundacite Aragua, Pedro Merentes, adscrito al Ministerio de Ciencia y Tecnolog\u00eda, hizo hincapi\u00e9 en la importancia que este evento tiene en relaci\u00f3n con el reimpulso de los Patios Productivos: <\/span><span style=\"font-family: Arial, serif;\"><b>\u201cEste encuentro servir\u00e1 para visibilizar la concreci\u00f3n de Microempresas y el desarrollo de herramientas en este \u00e1mbito, que han facilitado la producci\u00f3n a menor costo y esfuerzo, elevando el potencial que ya existe en el pueblo venezolano\u201d. <\/b><\/span><\/span><\/p>\n<p style=\"text-align: justify;\" align=\"justify\"><span style=\"font-family: Liberation Serif, serif; font-size: 14pt;\"><span style=\"font-family: Arial, serif;\">Esta actividad esta planificada dentro del marco de las medidas de bioseguridad establecidas por el Ejecutivo Nacional. <\/span><span style=\"font-family: Arial, serif;\"><b>\u201cPara ello contamos con la producci\u00f3n de tapabocas, antibacteriales a base de s\u00e1bila e infusiones medicinales a partir del conocimiento heredado de nuestros ancestros, entre muchos otros proyectos\u201d,<\/b><\/span><span style=\"font-family: Arial, serif;\"> recalc\u00f3 Medina. Por dem\u00e1s est\u00e1 destacar, que el \u00e1rea farmac\u00e9utica es hoy una prioridad, en funci\u00f3n de preservar la salud del pueblo y mantener las defensas altas mientras seguimos haciendo frente a la Batalla contra el covid-19.\u00a0<\/span><\/span><\/p>\n","protected":false},"excerpt":{"rendered":"<p>** Fomentamos saberes que trasciendan las fronteras y el tiempo en beneficio del colectivo<\/p>\n","protected":false},"author":4,"featured_media":35921,"comment_status":"closed","ping_status":"closed","sticky":false,"template":"","format":"standard","meta":{"footnotes":""},"categories":[2],"tags":[86],"class_list":["post-38933","post","type-post","status-publish","format-standard","has-post-thumbnail","hentry","category-blog","tag-aragua"],"_links":{"self":[{"href":"https:\/\/inces.gob.ve\/index.php\/wp-json\/wp\/v2\/posts\/38933","targetHints":{"allow":["GET"]}}],"collection":[{"href":"https:\/\/inces.gob.ve\/index.php\/wp-json\/wp\/v2\/posts"}],"about":[{"href":"https:\/\/inces.gob.ve\/index.php\/wp-json\/wp\/v2\/types\/post"}],"author":[{"embeddable":true,"href":"https:\/\/inces.gob.ve\/index.php\/wp-json\/wp\/v2\/users\/4"}],"replies":[{"embeddable":true,"href":"https:\/\/inces.gob.ve\/index.php\/wp-json\/wp\/v2\/comments?post=38933"}],"version-history":[{"count":2,"href":"https:\/\/inces.gob.ve\/index.php\/wp-json\/wp\/v2\/posts\/38933\/revisions"}],"predecessor-version":[{"id":38935,"href":"https:\/\/inces.gob.ve\/index.php\/wp-json\/wp\/v2\/posts\/38933\/revisions\/38935"}],"wp:featuredmedia":[{"embeddable":true,"href":"https:\/\/inces.gob.ve\/index.php\/wp-json\/wp\/v2\/media\/35921"}],"wp:attachment":[{"href":"https:\/\/inces.gob.ve\/index.php\/wp-json\/wp\/v2\/media?parent=38933"}],"wp:term":[{"taxonomy":"category","embeddable":true,"href":"https:\/\/inces.gob.ve\/index.php\/wp-json\/wp\/v2\/categories?post=38933"},{"taxonomy":"post_tag","embeddable":true,"href":"https:\/\/inces.gob.ve\/index.php\/wp-json\/wp\/v2\/tags?post=38933"}],"curies":[{"name":"wp","href":"https:\/\/api.w.org\/{rel}","templated":true}]}}