{"id":38945,"date":"2021-06-24T01:01:29","date_gmt":"2021-06-24T05:01:29","guid":{"rendered":"https:\/\/inces.gob.ve\/?p=38945"},"modified":"2021-06-24T08:33:12","modified_gmt":"2021-06-24T12:33:12","slug":"cosas-que-quiza-no-sabias-de-la-batalla-de-carabobo","status":"publish","type":"post","link":"https:\/\/inces.gob.ve\/index.php\/2021\/06\/24\/cosas-que-quiza-no-sabias-de-la-batalla-de-carabobo\/","title":{"rendered":"Cosas que quiz\u00e1 no sab\u00edas de la Batalla de Carabobo"},"content":{"rendered":"<p style=\"text-align: justify;\" align=\"justify\"><span style=\"font-size: 14pt;\"><i><b>La Batalla de Carabobo se celebr\u00f3 un domingo al mediod\u00eda, dur\u00f3 menos de una hora y entre los cad\u00e1veres hab\u00edan dos mujeres vestidas de soldado\u2026 adem\u00e1s, aqu\u00ed podr\u00e1s leer completo aquello de \u201cMi general\u2026 vengo a decirle adi\u00f3s\u2026 porque estoy muerto<\/b><\/i><\/span><!--more--><\/p>\n<p style=\"text-align: justify;\" align=\"justify\"><span style=\"font-size: 14pt;\"><b>LONGINA TOVAR<\/b><\/span><\/p>\n<p style=\"text-align: justify;\" align=\"justify\"><span style=\"font-size: 14pt;\"><b>\u00bfC\u00f3mo te imaginas a los soldados de Bol\u00edvar la noche antes de la batalla<\/b>?: \u00bfAsustados?, \u00bftristes?, \u00bfansiosos?, muy probablemente hab\u00eda mucho de eso; sin embargo, aunque usted no lo haya pensado o imaginado, ese ej\u00e9rcito, conformado por soldados, pero tambi\u00e9n por gente del pueblo, <b>bailaba al ritmo de los tambores<\/b>: era la noche previa a la celebraci\u00f3n de <b>San Juan Bautist<\/b>a y la fiesta no pas\u00f3 por alto.<\/span><\/p>\n<p style=\"text-align: justify;\" align=\"justify\"><span style=\"font-size: 14pt;\">\u2026 y al d\u00eda siguiente&#8230;\u201c<b>alegre y bulliciosa era la marcha de nuestros regimientos<\/b>: m\u00e1s que a re\u00f1ir una batalla, aquellos bravos, ansiosos por llegar al t\u00e9rmino deseado, <b>parec\u00edan dirigirse a una feria.<\/b>\u201d, describe Eduardo Blanco en su novela <i>Venezuela heroica.<\/i><\/span><\/p>\n<p style=\"text-align: justify;\" align=\"justify\"><span style=\"font-size: 14pt;\">Y en ese regocijo de luchar por la patria, se dice que se sumaron m\u00e1s de <b>14 mujeres\u2026 y un perro<\/b>. Algunos dicen que fueron 14, otros hablan de 20, lo cierto es que fueron <b>valientes<\/b><b> luchadoras que entraron en combate contra <\/b><b>el <\/b><b>E<\/b><b>j\u00e9rcito <\/b><b>R<\/b><b>ealista<\/b>. Hay registros que indican que al terminar la lucha, los sobrevivientes encontraron los cad\u00e1veres de dos mujeres vestidas de soldado.<\/span><\/p>\n<p style=\"text-align: justify;\" align=\"justify\"><span style=\"font-size: 14pt;\">En cuanto al <b>perro era Nevado<\/b>, un mucuch\u00edes que le hab\u00edan regalado a Bol\u00edvar una vez terminada la batalla de Niquitao en 1813. <b>El pobre animalito fue atravesado por una lanza<\/b>. Tratando de salvarlos, t<b>ambi\u00e9n falleci\u00f3 el Indio Tijinaca<\/b>, cuidador de Nevado o \u201cSimoncito\u201d, a quien los soldados llamaban \u201cel edec\u00e1n del perro\u201d.<\/span><\/p>\n<p style=\"text-align: justify;\" align=\"justify\"><span style=\"color: #006699; font-size: 14pt;\"><b>PERO \u00bfY QUI\u00c9NES ERAN LOS ESPA\u00d1OLES?<\/b><\/span><\/p>\n<p style=\"text-align: justify;\" align=\"justify\"><span style=\"font-size: 14pt;\">Eran venezolanos. Gente que por alguna raz\u00f3n prefer\u00edan continuar siendo dominados por la corona espa\u00f1ola, claro que tambi\u00e9n hab\u00edan soldados del viejo mundo, pero la mayor\u00eda eran criollitos.<\/span><\/p>\n<p style=\"text-align: justify;\" align=\"justify\"><span style=\"color: #006699; font-size: 14pt;\"><b>UNIFORMES DE LUJO<\/b><\/span><\/p>\n<p style=\"text-align: justify;\" align=\"justify\"><span style=\"font-size: 14pt;\"><b>Bol\u00edvar mand\u00f3 a confeccionar trajes para sus soldados<\/b>. Quer\u00eda que su ej\u00e9rcito estuviese \u201cde punta en blanco\u201d en la que consideraba ser\u00eda la batalla final. Dicen por ah\u00ed que Pedro Camejo se quit\u00f3 las botas en pleno combate porque \u00e9l<i> \u201chab\u00eda aprendido a montar a caballo descalzo\u201d.<\/i><\/span><\/p>\n<p style=\"text-align: justify;\" align=\"justify\"><span style=\"font-size: 14pt;\">Respecto al <b>uniforme del Libertador,<\/b> se puede leer en un documento de la Quinta Bol\u00edvar de Colombia: \u201c&#8230;en la batalla se utiliz\u00f3 por primera vez el uniforme militar para el combate: casaca de cuello alto y largos faldones, con ricas charreteras bordadas y banda tricolor a la cintura; calz\u00f3n ajustado, botas altas, amplio y airoso capote y bicornio emplumado\u201d.<\/span><\/p>\n<p style=\"text-align: justify;\" align=\"justify\"><span style=\"color: #006699; font-size: 14pt;\"><b>OTROS DATOS<\/b><\/span><\/p>\n<ul style=\"list-style-type: square;\">\n<li><span style=\"font-size: 14pt;\">El general Jos\u00e9 Antonio P\u00e1ez llevaba con su ej\u00e9rcito 2 mil caballos y 3 mil reses para la comida<\/span><\/li>\n<li><span style=\"font-size: 14pt;\">Los espa\u00f1oles dicen que lucharon durante tres horas, Bol\u00edvar escribi\u00f3 que la batalla dur\u00f3 45 minutos<\/span><\/li>\n<li style=\"text-align: justify;\"><span style=\"font-size: 14pt;\">Los cuerpos fueron enterrados en el mismo campo de Carabobo<\/span><\/li>\n<li style=\"text-align: justify;\"><span style=\"font-size: 14pt;\">P\u00e1ez es ascendido por Bol\u00edvar a General en Jefe en el propio escenario de Carabobo, debido a la astucia y pericia con que dirigi\u00f3 a los Bravos de Apure y a los Cazadores Brit\u00e1nicos.<\/span><\/li>\n<li style=\"text-align: justify;\"><span style=\"font-size: 14pt;\">En la batalla tambi\u00e9n hab\u00edan espa\u00f1oles, franceses, holandeses, neogranadinos y caribe\u00f1os: todos aliados de Bol\u00edvar.<\/span><\/li>\n<\/ul>\n<p style=\"text-align: justify;\" align=\"justify\"><span style=\"color: #006699; font-size: 14pt;\"><b>\u00bfCUANTOS ERAN?<\/b><\/span><\/p>\n<p style=\"text-align: justify;\" align=\"justify\"><span style=\"font-size: 14pt;\">El ej\u00e9rcito<b> Libertador<\/b> contaba con <b>7.000 infantes y 3.000 jinetes<\/b>, mientras que el Ej\u00e9rcito<b> Realista<\/b> solo ten\u00eda <b>2.600 infantes <\/b><b>y<\/b><b> 1.600 jinetes<\/b>\u2026 <b>la<\/b><b> ventaja <\/b><b>de este \u00faltimo <\/b><b>radicaba en que ten\u00edan <\/b><b>2 ca\u00f1ones y 62 artilleros;<\/b> sin embargo, el Ej\u00e9rcito Patriota solo tuvo 200 ca\u00eddos, mientras que los defensores del Reino Espa\u00f1ol tuvieron un saldo de 2.908 muertos.<\/span><\/p>\n<p style=\"text-align: center;\" align=\"center\"><span style=\"color: #006699; font-size: 14pt;\"><b>Despu\u00e9s de Carabobo Bol\u00edvar no particip\u00f3 en ninguna otra batalla.<\/b><\/span><\/p>\n<p style=\"text-align: justify;\" align=\"left\"><span style=\"color: #006699; font-size: 14pt;\"><b>\u00bfFUE CARABOBO LA \u00daLTIMA GRAN BATALLA POR LA INDEPENDENCIA DE VENEZUELA?<\/b><\/span><\/p>\n<p style=\"text-align: justify;\" align=\"justify\"><span style=\"color: #000000; font-size: 14pt;\">No. <b>Despu\u00e9s de Carabobo hubo dos batallas m\u00e1s<\/b>: <span style=\"color: #006699;\">el Quinto Asedio de Puerto Cabello, <\/span>que se celebr\u00f3 desde el 23 de septiembre hasta el 10 de noviembre de 1823 y <span style=\"color: #006699;\">el Combate Naval del Lago de Maracaibo <\/span>ocurrido el 24 de julio, tambi\u00e9n de 1823. Depende del historiador que se lea, una u otra ser\u00e1 el \u00faltimo combate para alcanzar la independencia de Venezuela.<\/span><\/p>\n<p style=\"text-align: center;\" align=\"center\"><span style=\"color: #006699; font-size: 14pt;\"><b>\u00bfQUIENES ESTABAN AL FRENTE DE LOS EJ\u00c9RCITOS?<\/b><\/span><\/p>\n<table width=\"100%\" cellspacing=\"0\" cellpadding=\"4\">\n<tbody>\n<tr valign=\"top\">\n<td width=\"46%\">\n<p align=\"center\"><span style=\"color: #006699; font-size: 14pt;\"><b>PATRIOTAS<\/b><\/span><\/p>\n<\/td>\n<td width=\"54%\">\n<p align=\"center\"><span style=\"color: #006699; font-size: 14pt;\"><b>REALISTAS<\/b><\/span><\/p>\n<\/td>\n<\/tr>\n<tr valign=\"top\">\n<td width=\"46%\"><span style=\"font-size: 14pt;\">Comandante <b>Sim\u00f3n Bol\u00edvar<\/b><\/span><\/p>\n<p><span style=\"font-size: 14pt;\">Primera Divisi\u00f3n <b>Jos\u00e9 Antonio P\u00e1ez<\/b><\/span><\/p>\n<p><span style=\"font-size: 14pt;\">Segunda Divisi\u00f3n<b> Manuel Cede\u00f1o <\/b>(<span style=\"font-family: Cantarell;\">\u2020<\/span>)<\/span><\/p>\n<p><span style=\"font-size: 14pt;\">Tercera Divisi\u00f3n<b> Ambrosio Plaza <\/b>(<span style=\"font-family: Cantarell;\">\u2020<\/span>)<\/span><\/td>\n<td width=\"54%\">\n<p align=\"left\"><span style=\"font-size: 14pt;\">Comandante en Jefe <b>Miguel de la Torre<\/b><\/span><\/p>\n<p align=\"left\"><span style=\"font-size: 14pt;\">Divisi\u00f3n de Vanguardia<b> Francisco Tom\u00e1s Morales<\/b><\/span><\/p>\n<p align=\"left\"><span style=\"font-size: 14pt;\">Primera Divisi\u00f3n <b>Tom\u00e1s Garc\u00eda<\/b><\/span><\/p>\n<p align=\"left\"><span style=\"font-size: 14pt;\">Quinta Divisi\u00f3n <b>Jos\u00e9 Herrera. <\/b><\/span><\/p>\n<\/td>\n<\/tr>\n<\/tbody>\n<\/table>\n<p style=\"text-align: center;\" align=\"center\"><span style=\"font-size: 14pt;\"><b><br \/>\n<\/b><span style=\"color: #3366ff;\"><b>LA MUERTE DEL NEGRO PRIMERO<\/b><\/span><\/span><\/p>\n<p style=\"text-align: center;\" align=\"center\"><span style=\"font-size: 14pt;\"><i><b>Venezuela Her\u00f3ica \u2013 Eduardo Blanco<\/b><\/i><\/span><\/p>\n<p style=\"text-align: justify;\" align=\"justify\"><span style=\"font-size: 14pt;\">De pronto, en medio de la inquietante expectativa que sufren los dos bandos, la llama voladora se detiene; y <b>P\u00e1ez, lleno de asombro, ve salir de la nube de polvo<\/b> que oculta los efectos de aquel violento choque, <span style=\"color: #006699;\">a un jinete ba\u00f1ado en propia sangre, en quien al punto reconoce al negro m\u00e1s pujante de los llaneros de su guardia: aqu\u00e9l, <\/span><span style=\"color: #006699;\"><b>a quien todo el ej\u00e9rcito distingue con el honroso apodo de\u201cel primero\u201d.<\/b><\/span><\/span><\/p>\n<p style=\"text-align: justify;\" align=\"justify\"><span style=\"font-family: Times New Roman, serif; font-size: 14pt;\">El caballo que monta aquel intr\u00e9pido soldado, galopa sin concierto hacia el lugar donde se encuentra P\u00e1ez; pierde en breve la carrera, toma el trote, y despu\u00e9s, paso a paso, las riendas sueltas sobre el vencido cuello, la cabeza abatida y la abierta nariz rozando el suelo que se enrojece a su contacto, avanza sacudiendo su pesado jinete, quien parece autom\u00e1ticamente sostenerse en la silla.<\/span><\/p>\n<p style=\"text-align: justify;\" align=\"justify\"><span style=\"font-size: 14pt;\"><span style=\"font-family: Times New Roman, serif;\">Sin ocultar el asombro que le causa aquella inexplicable retirada, <\/span><span style=\"font-family: Times New Roman, serif;\"><b>P\u00e1ez le sale al encuentro, y apostrofando con dureza a su antiguo \u00e9mulo en bravura,<\/b><\/span><span style=\"font-family: Times New Roman, serif;\"> en cien re\u00f1idas lides, <\/span><span style=\"font-family: Times New Roman, serif;\"><b>le grita amenaz\u00e1ndole con un gesto terrible: <\/b><\/span><span style=\"font-family: Times New Roman, serif;\"><i><b>\u00bfTienes miedo?&#8230; \u00bfNo quedan ya enemigos?&#8230; \u00a1Vuelve y hazte matar!&#8230;<\/b><\/i><\/span><i> <\/i><\/span><\/p>\n<p style=\"text-align: justify;\" align=\"justify\"><span style=\"font-size: 14pt;\"><span style=\"font-family: Times New Roman, serif;\">Al oir aquella voz que resuena irritada, caballo y jinete se detienen: el primero, que ya no puede dar un paso m\u00e1s, dobla las piernas como para abatirse; el segundo abre los ojos que resplandecen como ascuas y se yergue en la silla; luego a<\/span><span style=\"font-family: Times New Roman, serif;\"><b>rroja por tierra la poderos lanza<\/b><\/span><span style=\"font-family: Times New Roman, serif;\">, rompe con ambas manos\u00a0 el sangriento dorm\u00e1n, <\/span><span style=\"font-family: Times New Roman, serif;\"><b>y poniendo a descubierto el desnudo pecho donde sangran copiosamente dos profundas heridas, exclama balbuciente: <\/b><\/span><span style=\"font-family: Times New Roman, serif;\"><i><b>Mi General \u2026 <\/b><\/i><\/span><span style=\"color: #006699;\"><span style=\"font-family: Times New Roman, serif;\"><i><b>Vengo a decirle adi\u00f3s\u2026 porque estoy muerto<\/b><\/i><\/span><\/span><span style=\"font-family: Times New Roman, serif;\"><i><b>. <\/b><\/i><\/span><span style=\"font-family: Times New Roman, serif;\"><b>Y <\/b><\/span><span style=\"font-family: Times New Roman, serif;\"><b>c<\/b><\/span><span style=\"font-family: Times New Roman, serif;\"><b>aballo y jinete ruedan sin vida sobre el revuelto polvo<\/b><\/span><span style=\"font-family: Times New Roman, serif;\">, a tiempo que la nube se rasga y deja ver nuestros llaneros vencedores, lanceando por la espalda a los escuadrones espa\u00f1oles que huyen despavoridos.<\/span><\/span><\/p>\n<p style=\"text-align: justify;\" align=\"justify\"><span style=\"font-size: 14pt;\"><span style=\"font-family: Times New Roman, serif;\"><b>P\u00e1ez dirige una mirada llena de amargura al fiel amigo<\/b><\/span><span style=\"font-family: Times New Roman, serif;\">, inseparable compa\u00f1ero en todos sus pasados peligros; y a la cabeza de algunos cuerpos de jinetes que, vencido el atajo han llegado hasta \u00e9l, <\/span><span style=\"font-family: Times New Roman, serif;\"><b>corre a vengar la muerte de aquel bravo soldado cargando con indecible furia al enemigo\u2026<\/b><\/span><\/span><\/p>\n","protected":false},"excerpt":{"rendered":"<p>La Batalla de Carabobo se celebr\u00f3 un domingo al mediod\u00eda, dur\u00f3 menos de una hora y entre los cad\u00e1veres hab\u00edan dos mujeres vestidas de soldado\u2026 adem\u00e1s, aqu\u00ed podr\u00e1s leer completo aquello de \u201cMi general\u2026 vengo a decirle adi\u00f3s\u2026 porque estoy muerto<\/p>\n","protected":false},"author":4,"featured_media":38946,"comment_status":"closed","ping_status":"closed","sticky":false,"template":"","format":"standard","meta":{"footnotes":""},"categories":[2],"tags":[],"class_list":["post-38945","post","type-post","status-publish","format-standard","has-post-thumbnail","hentry","category-blog"],"_links":{"self":[{"href":"https:\/\/inces.gob.ve\/index.php\/wp-json\/wp\/v2\/posts\/38945","targetHints":{"allow":["GET"]}}],"collection":[{"href":"https:\/\/inces.gob.ve\/index.php\/wp-json\/wp\/v2\/posts"}],"about":[{"href":"https:\/\/inces.gob.ve\/index.php\/wp-json\/wp\/v2\/types\/post"}],"author":[{"embeddable":true,"href":"https:\/\/inces.gob.ve\/index.php\/wp-json\/wp\/v2\/users\/4"}],"replies":[{"embeddable":true,"href":"https:\/\/inces.gob.ve\/index.php\/wp-json\/wp\/v2\/comments?post=38945"}],"version-history":[{"count":2,"href":"https:\/\/inces.gob.ve\/index.php\/wp-json\/wp\/v2\/posts\/38945\/revisions"}],"predecessor-version":[{"id":38948,"href":"https:\/\/inces.gob.ve\/index.php\/wp-json\/wp\/v2\/posts\/38945\/revisions\/38948"}],"wp:featuredmedia":[{"embeddable":true,"href":"https:\/\/inces.gob.ve\/index.php\/wp-json\/wp\/v2\/media\/38946"}],"wp:attachment":[{"href":"https:\/\/inces.gob.ve\/index.php\/wp-json\/wp\/v2\/media?parent=38945"}],"wp:term":[{"taxonomy":"category","embeddable":true,"href":"https:\/\/inces.gob.ve\/index.php\/wp-json\/wp\/v2\/categories?post=38945"},{"taxonomy":"post_tag","embeddable":true,"href":"https:\/\/inces.gob.ve\/index.php\/wp-json\/wp\/v2\/tags?post=38945"}],"curies":[{"name":"wp","href":"https:\/\/api.w.org\/{rel}","templated":true}]}}